{"id":51710,"date":"2017-05-27T09:10:51","date_gmt":"2017-05-27T07:10:51","guid":{"rendered":"http:\/\/triatletasenred.com\/?p=51710"},"modified":"2017-05-27T23:49:57","modified_gmt":"2017-05-27T21:49:57","slug":"entrevistamos-gomez-noya","status":"publish","type":"post","link":"https:\/\/miurltemporal.com/main/triatletasenred.sport.es\/actualidad\/entrevistamos-gomez-noya\/","title":{"rendered":"Javi G\u00f3mez Noya : &#8220;Todos debemos poner much\u00edsima atenci\u00f3n en la carretera&#8221;"},"content":{"rendered":"<h3>No decimos nada nuevo si comentamos Javier G\u00f3mez Noya es un ejemplo dentro y fuera de la competici\u00f3n.\u00a0Entrevistamos a nuestra leyenda gallega en la presentaci\u00f3n de <a href=\"https:\/\/www.facebook.com\/futuroespana\/?fref=mentions\" rel=\"nofollow noopener\" target=\"_blank\">FUTURO<\/a>, su nuevo patrocinador.<\/h3>\n<p>Ayer se ha llevado a cabo la presentaci\u00f3n de un nuevo patrocinador para Javier, la marca \u201c<a href=\"https:\/\/www.facebook.com\/futuroespana\/?fref=mentions\" rel=\"nofollow noopener\" target=\"_blank\">Futuro\u201d de la empresa 3M<\/a>, y all\u00ed que hemos estado para poder charlar unos minutos con el triatleta. Aqu\u00ed ten\u00e9is nuestra entrevista:<\/p>\n<p>Como bien sabes, no pasamos por un buen momento en lo que se refiere a los atropellos a ciclistas. \u00bfQu\u00e9 puede estar motivando esta situaci\u00f3n actual? \u00bfQu\u00e9 posibles soluciones ves?<\/p>\n<p><em><strong>Ahora la prensa refleja mucho m\u00e1s estos accidente, y desafortunadamente ha habido casos de gente conocida como Hayden. Pero es un problema que siempre ha estado ah\u00ed, yo tengo amigos, compa\u00f1eros de entrenamiento e incluso yo mismo, que hemos tenido percances o toques con veh\u00edculos. Creo que es un caso de concienciaci\u00f3n y respeto mutuo, todos debemos poner much\u00edsima atenci\u00f3n en la carretera, los ciclistas debemos tratar de evitar carreteras muy transitadas, minimizando as\u00ed el riesgo, aunque obviamente puede ocurrir en cualquier sitio. Se debe concienciar m\u00e1s a los conductores de que los ciclistas somos la parte m\u00e1s vulnerable, pagamos el accidente con nuestro cuerpo y no llevamos chasis, ni air bag<\/strong><\/em>.<\/p>\n<p><img fetchpriority=\"high\" decoding=\"async\" class=\"size-medium wp-image-51711 alignright\" src=\"https:\/\/miurltemporal.com/main/triatletasenred.sport.es\/wp-content\/uploads\/Imagen1_opt-300x251.png\" alt=\"\" width=\"300\" height=\"251\" srcset=\"https:\/\/miurltemporal.com/main/triatletasenred.sport.es\/wp-content\/uploads\/Imagen1_opt-300x251.png 300w, https:\/\/miurltemporal.com/main/triatletasenred.sport.es\/wp-content\/uploads\/Imagen1_opt-700x585.png 700w, https:\/\/miurltemporal.com/main/triatletasenred.sport.es\/wp-content\/uploads\/Imagen1_opt.png 760w\" sizes=\"(max-width: 300px) 100vw, 300px\" \/><em><strong>Se deben realizar campa\u00f1as de concienciaci\u00f3n social para solucionar este problem\u00f3n, proporcionar informaci\u00f3n e\u00a0intentar que los conductores se pongan en nuestra piel. La persona que va en la bicicleta, tambi\u00e9n puede tener una familia, hijos, etc. Se debe tener un poco m\u00e1s de paciencia al adelantar y asegurarse de respetar la distancia de seguridad.<\/strong><\/em><\/p>\n<p>Hemos visto como triatletas de la talla de Jan Frodeno o Alistair Brownlee, han cambiado las Series Mundiales por las pruebas Ironman. \u00bfVes alguna manera de que sea compatible para un triatleta ser competitivo en ambas disciplinas simult\u00e1neamente?<\/p>\n<p><em><strong>Es muy dif\u00edcil. Creo que en la disciplina de medio Ironman y las Series Mundiales, se puede ser medianamente competitivo. De hecho, una de las grandes gestas que he realizado en mi carrera deportiva, ha sido ganar las Series Mundiales y el Mundial Ironman 70.3 en 2014. Pero con Ironman completo es muy dif\u00edcil, el tipo de entrenamientos es muy diferente y es muy dif\u00edcil correr tan r\u00e1pido si pasas tantas horas en la bicicleta como debes hacer para preparar un Ironman. Es un reto interesante.<\/strong><\/em><\/p>\n<p>\u00bfTe ves cambiando de las Series Mundiales a Ironman?<\/p>\n<p><em><strong>Creo que es el paso l\u00f3gico. Cuando llega el momento dado, empiezas a hacer distancias m\u00e1s largas. Ya llevo muchos a\u00f1os bajo el abanico de la ITU, y tambi\u00e9n me motiva poder empezar a competir en distancias m\u00e1s largas, como puede ser un Ironman.<\/strong><\/em><\/p>\n<p>\u00bfQu\u00e9 objetivos te marcas para lo que queda de este a\u00f1o?<\/p>\n<p><em><strong>Pues ahora mismo estoy en posici\u00f3n de p\u00f3dium en las Series Mundiales, algo que intentar\u00e9 mantener el resto de la temporada, intentando estar lo m\u00e1s adelante posible en la clasificaci\u00f3n. Por otro lado, el mundial de Ironman 70.3\u00a0\u00a0tambi\u00e9n me motiva, como un reto muy diferente, ante grandes atletas que ahora compiten en esta disciplina. Intentar\u00e9 darles guerra.<\/strong><\/em><\/p>\n<p>Hablemos de los Juegos Ol\u00edmpicos. \u00bfTe ves en Tokio 2020?<\/p>\n<p><em><strong>Esperemos, pero vamos a ir a\u00f1o a a\u00f1o, que a\u00fan queda mucho tiempo y no quiero ponerme objetivos a tan largo plazo.<\/strong><\/em><\/p>\n","protected":false},"excerpt":{"rendered":"<p>G\u00f3mez Noya es un ejemplo dentro y fuera de la competici\u00f3n. El triatleta espa\u00f1ol por excelencia, ha conseguido: 5 Series Mundiales, una plata ol\u00edmpica&#8230;<\/p>\n","protected":false},"author":288,"featured_media":42537,"comment_status":"closed","ping_status":"closed","sticky":false,"template":"","format":"standard","meta":{"_acf_changed":false,"rank_math_lock_modified_date":false,"footnotes":""},"categories":[17,10,2033],"tags":[404,930,819,1771],"class_list":{"0":"post-51710","1":"post","2":"type-post","3":"status-publish","4":"format-standard","5":"has-post-thumbnail","7":"category-actualidad","8":"category-entrevistas-triatlon","9":"category-sport","10":"tag-ironman","11":"tag-itu","12":"tag-javier-gomez-noya","13":"tag-madrid"},"acf":[],"_links":{"self":[{"href":"https:\/\/miurltemporal.com/main/triatletasenred.sport.es\/wp-json\/wp\/v2\/posts\/51710"}],"collection":[{"href":"https:\/\/miurltemporal.com/main/triatletasenred.sport.es\/wp-json\/wp\/v2\/posts"}],"about":[{"href":"https:\/\/miurltemporal.com/main/triatletasenred.sport.es\/wp-json\/wp\/v2\/types\/post"}],"author":[{"embeddable":true,"href":"https:\/\/miurltemporal.com/main/triatletasenred.sport.es\/wp-json\/wp\/v2\/users\/288"}],"replies":[{"embeddable":true,"href":"https:\/\/miurltemporal.com/main/triatletasenred.sport.es\/wp-json\/wp\/v2\/comments?post=51710"}],"version-history":[{"count":0,"href":"https:\/\/miurltemporal.com/main/triatletasenred.sport.es\/wp-json\/wp\/v2\/posts\/51710\/revisions"}],"wp:featuredmedia":[{"embeddable":true,"href":"https:\/\/miurltemporal.com/main/triatletasenred.sport.es\/wp-json\/wp\/v2\/media\/42537"}],"wp:attachment":[{"href":"https:\/\/miurltemporal.com/main/triatletasenred.sport.es\/wp-json\/wp\/v2\/media?parent=51710"}],"wp:term":[{"taxonomy":"category","embeddable":true,"href":"https:\/\/miurltemporal.com/main/triatletasenred.sport.es\/wp-json\/wp\/v2\/categories?post=51710"},{"taxonomy":"post_tag","embeddable":true,"href":"https:\/\/miurltemporal.com/main/triatletasenred.sport.es\/wp-json\/wp\/v2\/tags?post=51710"}],"curies":[{"name":"wp","href":"https:\/\/api.w.org\/{rel}","templated":true}]}}