{"id":51706,"date":"2017-05-26T10:10:00","date_gmt":"2017-05-26T08:10:00","guid":{"rendered":"http:\/\/triatletasenred.com\/?p=51706"},"modified":"2017-05-26T10:10:00","modified_gmt":"2017-05-26T08:10:00","slug":"ruben-ruzafa-la-tercera-xterra-portugal","status":"publish","type":"post","link":"https:\/\/miurltemporal.com/main/triatletasenred.sport.es\/actualidad\/ruben-ruzafa-la-tercera-xterra-portugal\/","title":{"rendered":"Ruben Ruzafa a por la tercera en Xterra Portugal"},"content":{"rendered":"<h3>Tras sendas victorias en sus anteriores participaciones en el circuito Xterra el malague\u00f1o se desplaza a Portugal para afianzar su liderato en esta espectacular modalidad del triatl\u00f3n Cross<\/h3>\n<p>Primero fue Xterra Grecia y despu\u00e9s el nuevo Xterra Spain. Ahora llega el turno de Portugal para seguir sumando puntos en el casillero de Ruben Ruzafa.<\/p>\n<p>En la prueba en tierras lusas Ruzafa tendr\u00e1 como m\u00e1ximos rivales al belga Yeray Luxem, al franc\u00e9s Francois Carloni o a los atletas locales Rui Dolores u Octavo Vicente. No estar\u00e1n otros especialistas espa\u00f1oles como Roger Serrano o Albert Soley en esta cita.<\/p>\n<p>En la lista de profesionales espa\u00f1oles tambi\u00e9n se encuentran <strong>\u00a0Alejandro Salmer\u00f3n \u00a0y\u00a0Xavier Jov\u00e9.\u00a0<\/strong>El catal\u00e1n arrastra unas molestias heredadas de Xterra Spain, donde qued\u00f3 segundo, pero llega con ganas de seguir creciendo en este circuito como nos comentaba esta misma ma\u00f1ana.<\/p>\n<p>No hace falta recordar que Ruzafa\u00a0\u00a0ha sido Campe\u00f3n del Mundo XTERRA en tres ocasiones (2008, 2013 y 2014), tres veces Campe\u00f3n del Mundo de Triatl\u00f3n Cros ITU (2014, 2015 y 2016), Campe\u00f3n de Espa\u00f1a XTERRA (2013, 2014 y 2015), Campe\u00f3n de Espa\u00f1a XCO (2005, 2006 y 2008), Campe\u00f3n de Espa\u00f1a XCM (2006), y un sinf\u00edn m\u00e1s de victorias en el mundo de la bicicleta de monta\u00f1a y el triatl\u00f3n cros.<\/p>\n<p><img fetchpriority=\"high\" decoding=\"async\" class=\"aligncenter size-full wp-image-51645\" src=\"https:\/\/miurltemporal.com/main/triatletasenred.sport.es\/wp-content\/uploads\/NORTH_VS_SOUTH_17_728x90.gif\" alt=\"\" width=\"728\" height=\"90\" \/><\/p>\n","protected":false},"excerpt":{"rendered":"<p>Tras sendas victorias en sus anteriores participaciones en el circuito Xterra el malague\u00f1o se desplaza a Portugal para afianzar su liderato en esta espectacular modalidad del triatl\u00f3n Cross Primero fue Xterra Grecia y despu\u00e9s el nuevo Xterra Spain. Ahora llega el turno de Portugal para seguir sumando puntos en el casillero de Ruben Ruzafa. En [&hellip;]<\/p>\n","protected":false},"author":2,"featured_media":51707,"comment_status":"closed","ping_status":"closed","sticky":false,"template":"","format":"standard","meta":{"_acf_changed":false,"rank_math_lock_modified_date":false,"footnotes":""},"categories":[17],"tags":[],"class_list":{"0":"post-51706","1":"post","2":"type-post","3":"status-publish","4":"format-standard","5":"has-post-thumbnail","7":"category-actualidad"},"acf":[],"_links":{"self":[{"href":"https:\/\/miurltemporal.com/main/triatletasenred.sport.es\/wp-json\/wp\/v2\/posts\/51706"}],"collection":[{"href":"https:\/\/miurltemporal.com/main/triatletasenred.sport.es\/wp-json\/wp\/v2\/posts"}],"about":[{"href":"https:\/\/miurltemporal.com/main/triatletasenred.sport.es\/wp-json\/wp\/v2\/types\/post"}],"author":[{"embeddable":true,"href":"https:\/\/miurltemporal.com/main/triatletasenred.sport.es\/wp-json\/wp\/v2\/users\/2"}],"replies":[{"embeddable":true,"href":"https:\/\/miurltemporal.com/main/triatletasenred.sport.es\/wp-json\/wp\/v2\/comments?post=51706"}],"version-history":[{"count":0,"href":"https:\/\/miurltemporal.com/main/triatletasenred.sport.es\/wp-json\/wp\/v2\/posts\/51706\/revisions"}],"wp:featuredmedia":[{"embeddable":true,"href":"https:\/\/miurltemporal.com/main/triatletasenred.sport.es\/wp-json\/wp\/v2\/media\/51707"}],"wp:attachment":[{"href":"https:\/\/miurltemporal.com/main/triatletasenred.sport.es\/wp-json\/wp\/v2\/media?parent=51706"}],"wp:term":[{"taxonomy":"category","embeddable":true,"href":"https:\/\/miurltemporal.com/main/triatletasenred.sport.es\/wp-json\/wp\/v2\/categories?post=51706"},{"taxonomy":"post_tag","embeddable":true,"href":"https:\/\/miurltemporal.com/main/triatletasenred.sport.es\/wp-json\/wp\/v2\/tags?post=51706"}],"curies":[{"name":"wp","href":"https:\/\/api.w.org\/{rel}","templated":true}]}}