{"id":51639,"date":"2017-05-23T21:05:07","date_gmt":"2017-05-23T19:05:07","guid":{"rendered":"http:\/\/triatletasenred.com\/?p=51639"},"modified":"2017-05-24T07:24:03","modified_gmt":"2017-05-24T05:24:03","slug":"2017-challenge-salou","status":"publish","type":"post","link":"https:\/\/miurltemporal.com/main/triatletasenred.sport.es\/en-red\/2017-challenge-salou\/","title":{"rendered":"Cuenta atr\u00e1s para la edici\u00f3n 2017 del Challenge Salou"},"content":{"rendered":"<h3>Tercera edici\u00f3n de la prueba de la Challenge Family en la localidad costera con un nuevo \u00e9xito de inscripciones y con la mochila del cambio de circuitos in extremis por los fat\u00eddicos contratiempos administrativos.<\/h3>\n<p><img decoding=\"async\" class=\"alignleft wp-image-51589\" src=\"https:\/\/miurltemporal.com/main/triatletasenred.sport.es\/wp-content\/uploads\/WhatsApp-Image-2017-05-21-at-12.01.58-225x300.jpeg\" alt=\"\" width=\"160\" height=\"213\" srcset=\"https:\/\/miurltemporal.com/main/triatletasenred.sport.es\/wp-content\/uploads\/WhatsApp-Image-2017-05-21-at-12.01.58-225x300.jpeg 225w, https:\/\/miurltemporal.com/main/triatletasenred.sport.es\/wp-content\/uploads\/WhatsApp-Image-2017-05-21-at-12.01.58-700x933.jpeg 700w, https:\/\/miurltemporal.com/main/triatletasenred.sport.es\/wp-content\/uploads\/WhatsApp-Image-2017-05-21-at-12.01.58.jpeg 768w, https:\/\/miurltemporal.com/main/triatletasenred.sport.es\/wp-content\/uploads\/WhatsApp-Image-2017-05-21-at-12.01.58-300x400.jpeg 300w\" sizes=\"(max-width: 160px) 100vw, 160px\" \/>No se puede obviar que la modificaci\u00f3n de los circuitos va a modificar\u00a0la historia\u00a0de este edici\u00f3n 2017 del <strong>Challenge Salou<\/strong> pero no hay contratiempo que pueda afectar a la pasi\u00f3n y ganas de organizadores y \u00a0m\u00e1s de 1000 deportistas por disfrutar del triatl\u00f3n en una ciudad ya &#8220;casada&#8221; con nuestro deporte de las transiciones.<\/p>\n<p>Dejando un lado las indeseadas circunstancias, <strong>Challenge Salou 2017<\/strong>\u00a0presenta un cartel de acuerdo al prestigio del evento. No en vano se otorgar\u00e1n hasta 25000\u20ac en premio a los que optar\u00e1n los espa\u00f1oles, <strong>I\u00f1aki Baldellou (actual campe\u00f3n de la prueba), Miquel Blanchart, Iv\u00e1n \u00c1lvarez, Pablo Dapena, y las f\u00e9minas\u00a0Sara Loher, Laura G\u00f3mez y Mar\u00eda Pujol. <\/strong><\/p>\n<p>Tampoco faltar\u00e1n internacionales a la cita como son el alem\u00e1n <strong>Jan Raphael, el suizo Csoke Balazs, el brit\u00e1nico David Mcnamee, la checa Simona Krivankova, la inglesa Katherine Jameson, las espa\u00f1ola Sara Loher, Laura G\u00f3mez y Mar\u00eda Pujol,<\/strong> actual campeona de Espa\u00f1a de la distancia.<\/p>\n<p>El fin de semana lo abrira el\u00a0\u00a0s\u00e1bado la<strong> Breakfast Run<\/strong>, la carrera solidaria de <strong>Challenge Salou<\/strong>. cuya recaudaci\u00f3n \u00a0ir\u00e1 destinada a la Associaci\u00f3 Oncol\u00f2gica Dr.Amadeu Pelegr\u00ed, que trabaja para financiar proyectos en la lucha contra el c\u00e1ncer.<\/p>\n","protected":false},"excerpt":{"rendered":"<p>Tercera edici\u00f3n de la prueba de la Challenge Family en la localidad costera con un nuevo \u00e9xito de inscripciones y con la mochila del cambio de circuitos in extremis por los fat\u00eddicos contratiempos administrativos. No se puede obviar que la modificaci\u00f3n de los circuitos va a modificar\u00a0la historia\u00a0de este edici\u00f3n 2017 del Challenge Salou pero [&hellip;]<\/p>\n","protected":false},"author":6,"featured_media":51640,"comment_status":"closed","ping_status":"closed","sticky":false,"template":"","format":"standard","meta":{"_acf_changed":false,"rank_math_lock_modified_date":false,"footnotes":""},"categories":[16],"tags":[5578],"class_list":{"0":"post-51639","1":"post","2":"type-post","3":"status-publish","4":"format-standard","5":"has-post-thumbnail","7":"category-en-red","8":"tag-challenge-salou-2017"},"acf":[],"_links":{"self":[{"href":"https:\/\/miurltemporal.com/main/triatletasenred.sport.es\/wp-json\/wp\/v2\/posts\/51639"}],"collection":[{"href":"https:\/\/miurltemporal.com/main/triatletasenred.sport.es\/wp-json\/wp\/v2\/posts"}],"about":[{"href":"https:\/\/miurltemporal.com/main/triatletasenred.sport.es\/wp-json\/wp\/v2\/types\/post"}],"author":[{"embeddable":true,"href":"https:\/\/miurltemporal.com/main/triatletasenred.sport.es\/wp-json\/wp\/v2\/users\/6"}],"replies":[{"embeddable":true,"href":"https:\/\/miurltemporal.com/main/triatletasenred.sport.es\/wp-json\/wp\/v2\/comments?post=51639"}],"version-history":[{"count":0,"href":"https:\/\/miurltemporal.com/main/triatletasenred.sport.es\/wp-json\/wp\/v2\/posts\/51639\/revisions"}],"wp:featuredmedia":[{"embeddable":true,"href":"https:\/\/miurltemporal.com/main/triatletasenred.sport.es\/wp-json\/wp\/v2\/media\/51640"}],"wp:attachment":[{"href":"https:\/\/miurltemporal.com/main/triatletasenred.sport.es\/wp-json\/wp\/v2\/media?parent=51639"}],"wp:term":[{"taxonomy":"category","embeddable":true,"href":"https:\/\/miurltemporal.com/main/triatletasenred.sport.es\/wp-json\/wp\/v2\/categories?post=51639"},{"taxonomy":"post_tag","embeddable":true,"href":"https:\/\/miurltemporal.com/main/triatletasenred.sport.es\/wp-json\/wp\/v2\/tags?post=51639"}],"curies":[{"name":"wp","href":"https:\/\/api.w.org\/{rel}","templated":true}]}}