{"id":51617,"date":"2017-05-22T19:32:57","date_gmt":"2017-05-22T17:32:57","guid":{"rendered":"http:\/\/triatletasenred.com\/?p=51617"},"modified":"2017-05-22T19:32:57","modified_gmt":"2017-05-22T17:32:57","slug":"fallece-nicky-hayden-hospital-cesena","status":"publish","type":"post","link":"https:\/\/miurltemporal.com/main/triatletasenred.sport.es\/actualidad\/fallece-nicky-hayden-hospital-cesena\/","title":{"rendered":"Fallece Nicky Hayden en el Hospital de Cesena"},"content":{"rendered":"<h3 style=\"text-align: justify;\">El ex piloto norteamericano, de 35 a\u00f1os, ha fallecido cinco d\u00edas despu\u00e9s de ser atropellado por un coche mientras entrenaba en bici de carretera por Rimini (Italia). Desde Triatletas en Red\u00a0nos sumamos a las condolencias.<\/h3>\n<p style=\"text-align: justify;\">El mundo del deporte estaba en vilo estos d\u00edas, a la expectativa de saber c\u00f3mo evolucionaba el estado de salud del ex piloto de MotoGP Nicky Hayden. Ingresado en el <strong>Hospital Bufalini<\/strong> de Cesena (norte de Italia), Hayden ha estado estos d\u00edas luchando por su vida tras ser arrollado el pasado mi\u00e9rcoles por un veh\u00edculo cuando entrenaba con su bici.<\/p>\n<p style=\"text-align: justify;\">\u201cEl colegio m\u00e9dico ha certificado el fallecimiento del paciente Nicholas Patrick Hayden que se encontraba desde el mi\u00e9rcoles 17 de mayo en una unidad de cuidados intensivos del Hospital Bufalini en Cesena a consecuencia de los graves politraumatismos sufridos en dicha fecha\u201d especifica <strong>el comunicado<\/strong> emitido esta tarde por el propio centro.<\/p>\n<p style=\"text-align: justify;\">Con graves heridas\u00a0cerebrales y en el t\u00f3rax, Hayden fue atendido en el lugar del suceso para posteriormente ser trasladado al hospital. Im\u00e1genes de su bici, cortada por la mitad, y del propio coche implicado, demuestran la gravedad de los hechos.<\/p>\n<p style=\"text-align: justify;\"><img fetchpriority=\"high\" decoding=\"async\" class=\"aligncenter \" src=\"http:\/\/e00-marca.uecdn.es\/assets\/multimedia\/imagenes\/2017\/05\/22\/14954536593176.jpg\" width=\"496\" height=\"279\" \/><\/p>\n<p style=\"text-align: justify;\"><strong>Campe\u00f3n del mundo de MotoGP en 2006<\/strong> con Honda, disput\u00f3 un total de 218 Grandes Premios y actualmente compet\u00eda en el Mundial de Superbikes con Red Bull Honda. Un tipo realmente afable y querido por el paddock del motor, como demuestran las numerosas muestras de cari\u00f1o que ha recibido a lo largo de estos d\u00edas.<\/p>\n<p style=\"text-align: justify;\">Una p\u00e9sima noticia que lamentamos desde esta web y que se une a la cada vez m\u00e1s extensa lista de v\u00edctimas ciclistas que pierden su vida en la carretera haciendo lo que m\u00e1s les gusta: salir en bici.<\/p>\n<p style=\"text-align: justify;\"><img decoding=\"async\" class=\"aligncenter wp-image-51618\" src=\"https:\/\/miurltemporal.com/main/triatletasenred.sport.es\/wp-content\/uploads\/marc-1.jpg\" alt=\"\" width=\"441\" height=\"492\" srcset=\"https:\/\/miurltemporal.com/main/triatletasenred.sport.es\/wp-content\/uploads\/marc-1.jpg 497w, https:\/\/miurltemporal.com/main/triatletasenred.sport.es\/wp-content\/uploads\/marc-1-269x300.jpg 269w, https:\/\/miurltemporal.com/main/triatletasenred.sport.es\/wp-content\/uploads\/marc-1-300x334.jpg 300w\" sizes=\"(max-width: 441px) 100vw, 441px\" \/><\/p>\n<p style=\"text-align: justify;\"><span style=\"color: #ffffff;\">df<\/span><\/p>\n<p style=\"text-align: justify;\"><img decoding=\"async\" class=\"aligncenter wp-image-51619\" src=\"https:\/\/miurltemporal.com/main/triatletasenred.sport.es\/wp-content\/uploads\/mercedes.jpg\" alt=\"\" width=\"492\" height=\"399\" srcset=\"https:\/\/miurltemporal.com/main/triatletasenred.sport.es\/wp-content\/uploads\/mercedes.jpg 498w, https:\/\/miurltemporal.com/main/triatletasenred.sport.es\/wp-content\/uploads\/mercedes-300x243.jpg 300w, https:\/\/miurltemporal.com/main/triatletasenred.sport.es\/wp-content\/uploads\/mercedes-168x137.jpg 168w\" sizes=\"(max-width: 492px) 100vw, 492px\" \/><\/p>\n<p style=\"text-align: justify;\"><span style=\"color: #ffffff;\">df<\/span><\/p>\n<p style=\"text-align: justify;\"><img loading=\"lazy\" decoding=\"async\" class=\"aligncenter size-full wp-image-51620\" src=\"https:\/\/miurltemporal.com/main/triatletasenred.sport.es\/wp-content\/uploads\/valverde.jpg\" alt=\"\" width=\"585\" height=\"88\" srcset=\"https:\/\/miurltemporal.com/main/triatletasenred.sport.es\/wp-content\/uploads\/valverde.jpg 585w, https:\/\/miurltemporal.com/main/triatletasenred.sport.es\/wp-content\/uploads\/valverde-300x45.jpg 300w\" sizes=\"(max-width: 585px) 100vw, 585px\" \/><\/p>\n<p style=\"text-align: justify;\"><span style=\"color: #ffffff;\">df<\/span><\/p>\n<p style=\"text-align: justify;\"><img loading=\"lazy\" decoding=\"async\" class=\"aligncenter wp-image-51621\" src=\"https:\/\/miurltemporal.com/main/triatletasenred.sport.es\/wp-content\/uploads\/pedrosa.jpg\" alt=\"\" width=\"494\" height=\"341\" srcset=\"https:\/\/miurltemporal.com/main/triatletasenred.sport.es\/wp-content\/uploads\/pedrosa.jpg 588w, https:\/\/miurltemporal.com/main/triatletasenred.sport.es\/wp-content\/uploads\/pedrosa-300x207.jpg 300w\" sizes=\"(max-width: 494px) 100vw, 494px\" \/><\/p>\n","protected":false},"excerpt":{"rendered":"<p>El ex piloto norteamericano, de 35 a\u00f1os, ha fallecido cinco d\u00edas despu\u00e9s de ser atropellado por un coche mientras entrenaba en bici de carretera por Rimini (Italia). Desde Triatletas en Red\u00a0nos sumamos a las condolencias. El mundo del deporte estaba en vilo estos d\u00edas, a la expectativa de saber c\u00f3mo evolucionaba el estado de salud [&hellip;]<\/p>\n","protected":false},"author":23,"featured_media":51622,"comment_status":"closed","ping_status":"closed","sticky":false,"template":"","format":"standard","meta":{"_acf_changed":false,"rank_math_lock_modified_date":false,"footnotes":""},"categories":[17],"tags":[1453,455,5307,4719,5575],"class_list":{"0":"post-51617","1":"post","2":"type-post","3":"status-publish","4":"format-standard","5":"has-post-thumbnail","7":"category-actualidad","8":"tag-1m50","9":"tag-respetoalciclista","10":"tag-metro-y-medio-de-vida","11":"tag-motogp","12":"tag-nicky-hayden"},"acf":[],"_links":{"self":[{"href":"https:\/\/miurltemporal.com/main/triatletasenred.sport.es\/wp-json\/wp\/v2\/posts\/51617"}],"collection":[{"href":"https:\/\/miurltemporal.com/main/triatletasenred.sport.es\/wp-json\/wp\/v2\/posts"}],"about":[{"href":"https:\/\/miurltemporal.com/main/triatletasenred.sport.es\/wp-json\/wp\/v2\/types\/post"}],"author":[{"embeddable":true,"href":"https:\/\/miurltemporal.com/main/triatletasenred.sport.es\/wp-json\/wp\/v2\/users\/23"}],"replies":[{"embeddable":true,"href":"https:\/\/miurltemporal.com/main/triatletasenred.sport.es\/wp-json\/wp\/v2\/comments?post=51617"}],"version-history":[{"count":0,"href":"https:\/\/miurltemporal.com/main/triatletasenred.sport.es\/wp-json\/wp\/v2\/posts\/51617\/revisions"}],"wp:featuredmedia":[{"embeddable":true,"href":"https:\/\/miurltemporal.com/main/triatletasenred.sport.es\/wp-json\/wp\/v2\/media\/51622"}],"wp:attachment":[{"href":"https:\/\/miurltemporal.com/main/triatletasenred.sport.es\/wp-json\/wp\/v2\/media?parent=51617"}],"wp:term":[{"taxonomy":"category","embeddable":true,"href":"https:\/\/miurltemporal.com/main/triatletasenred.sport.es\/wp-json\/wp\/v2\/categories?post=51617"},{"taxonomy":"post_tag","embeddable":true,"href":"https:\/\/miurltemporal.com/main/triatletasenred.sport.es\/wp-json\/wp\/v2\/tags?post=51617"}],"curies":[{"name":"wp","href":"https:\/\/api.w.org\/{rel}","templated":true}]}}