{"id":51438,"date":"2017-05-15T18:21:37","date_gmt":"2017-05-15T16:21:37","guid":{"rendered":"http:\/\/triatletasenred.com\/?p=51438"},"modified":"2017-05-16T07:45:05","modified_gmt":"2017-05-16T05:45:05","slug":"valencia-enciende-la-mecha-al-santander-triathlon-series","status":"publish","type":"post","link":"https:\/\/miurltemporal.com/main/triatletasenred.sport.es\/actualidad\/valencia-enciende-la-mecha-al-santander-triathlon-series\/","title":{"rendered":"Valencia enciende la mecha al Santander Triathlon Series"},"content":{"rendered":"<h3 style=\"text-align: justify;\">Este pasado s\u00e1bado la capital del Turia vio arrancar el mayor circuito de triatl\u00f3n popular del pa\u00eds con 1.600 triatletas en acci\u00f3n y un numeroso p\u00fablico que dio ambiente a la fiesta.<\/h3>\n<p style=\"text-align: justify;\">El popular Santander Triathlon Series empez\u00f3 de forma oficial este pasado fin de semana tras una larga espera. Miles de triatletas populares podr\u00e1n disfrutar de su deporte preferido en <strong>10 ciudades del territorio<\/strong>, y en concreto 1.600 ya lo pudieron hacer este s\u00e1bado en Valencia.<\/p>\n<p style=\"text-align: justify;\">El <strong>Triatl\u00f3 del Mar\u00edtim<\/strong>, que celebraba su segunda edici\u00f3n, part\u00eda de las tranquilas aguas de la Playa de la Malvarrosa, para seguir el sector ciclista\u00a0por la Ronda Norte y la carrera a pie por el Paseo Mar\u00edtimo. Una cita que se disput\u00f3 en tres distancias distintas, una variedad que hace grande este circuito.<\/p>\n<p style=\"text-align: justify;\"><img fetchpriority=\"high\" decoding=\"async\" class=\"aligncenter size-large wp-image-51441\" src=\"https:\/\/miurltemporal.com/main/triatletasenred.sport.es\/wp-content\/uploads\/IMG-20170513-WA0011-1024x337.jpg\" alt=\"\" width=\"702\" height=\"231\" srcset=\"https:\/\/miurltemporal.com/main/triatletasenred.sport.es\/wp-content\/uploads\/IMG-20170513-WA0011-1024x337.jpg 1024w, https:\/\/miurltemporal.com/main/triatletasenred.sport.es\/wp-content\/uploads\/IMG-20170513-WA0011-700x230.jpg 700w, https:\/\/miurltemporal.com/main/triatletasenred.sport.es\/wp-content\/uploads\/IMG-20170513-WA0011-300x99.jpg 300w, https:\/\/miurltemporal.com/main/triatletasenred.sport.es\/wp-content\/uploads\/IMG-20170513-WA0011-768x252.jpg 768w, https:\/\/miurltemporal.com/main/triatletasenred.sport.es\/wp-content\/uploads\/IMG-20170513-WA0011.jpg 1600w\" sizes=\"(max-width: 702px) 100vw, 702px\" \/><\/p>\n<p style=\"text-align: justify;\">En <strong>distancia supersprint<\/strong>, el ganador fue Thomas Talineau, con un crono de 38&#8217;14, seguido de Pedro Segrelles y Javier Nebot. En el Triatl\u00f3n para Nosotras, triunfo para\u00a0Ana Men\u00e9ndez en 45&#8217;55, seguida de Amanda Nu\u00f1ez y Marta Alonso. En <strong>sprint<\/strong>, el ganador fue Roberto Garijo con 1h 05&#8217;26, seguido de David Trapero y Juan Miguel Garc\u00eda. En f\u00e9minas, la campeona fue Essie Amery, con 1h 13&#8217;42, seguida de Cristina Mollinedo y Zulema Varas.<\/p>\n<p style=\"text-align: justify;\">Por \u00faltimo, en la <strong>distancia ol\u00edmpica<\/strong> victoria para Adri\u00e1n Garc\u00eda con 1h 58&#8217;10, que super\u00f3 a Florian Enric y Antonio Casta\u00f1o. En cambio, en categor\u00eda femenina ajustado triunfo de Marta G\u00f3mez con 2h 26&#8217;52, seguida de Almudena Asensi y Lucia Atanasio.<\/p>\n<p style=\"text-align: justify;\">Un d\u00eda redondo que abri\u00f3 de la mejor manera imaginable el Santander Triathlon Series, que ahora continuar\u00e1 con su segunda cita, en Gij\u00f3n el 10 de junio.<\/p>\n<a class=\"vc_btn vc_btn-default vc_btn-sm vc_btn_square \" href=\"http:\/\/www.santandertriathlonseries.com\" rel=\"nofollow noopener\" target=\"_blank\">P\u00e1gina web del circuito<\/a>\n<p><img decoding=\"async\" class=\"aligncenter size-full wp-image-50332\" src=\"https:\/\/miurltemporal.com/main/triatletasenred.sport.es\/wp-content\/uploads\/etixx750x100.jpg\" alt=\"\" width=\"750\" height=\"100\" srcset=\"https:\/\/miurltemporal.com/main/triatletasenred.sport.es\/wp-content\/uploads\/etixx750x100.jpg 750w, https:\/\/miurltemporal.com/main/triatletasenred.sport.es\/wp-content\/uploads\/etixx750x100-700x93.jpg 700w, https:\/\/miurltemporal.com/main/triatletasenred.sport.es\/wp-content\/uploads\/etixx750x100-300x40.jpg 300w, https:\/\/miurltemporal.com/main/triatletasenred.sport.es\/wp-content\/uploads\/etixx750x100-600x80.jpg 600w, https:\/\/miurltemporal.com/main/triatletasenred.sport.es\/wp-content\/uploads\/etixx750x100-80x11.jpg 80w\" sizes=\"(max-width: 750px) 100vw, 750px\" \/><\/p>\n","protected":false},"excerpt":{"rendered":"<p>Este pasado s\u00e1bado la capital del Turia vio arrancar el mayor circuito de triatl\u00f3n popular del pa\u00eds con 1.600 triatletas en acci\u00f3n y un numeroso p\u00fablico que dio ambiente a la fiesta. El popular Santander Triathlon Series empez\u00f3 de forma oficial este pasado fin de semana tras una larga espera. Miles de triatletas populares podr\u00e1n [&hellip;]<\/p>\n","protected":false},"author":23,"featured_media":51440,"comment_status":"closed","ping_status":"closed","sticky":false,"template":"","format":"standard","meta":{"_acf_changed":false,"rank_math_lock_modified_date":false,"footnotes":""},"categories":[17],"tags":[4397,1080],"class_list":{"0":"post-51438","1":"post","2":"type-post","3":"status-publish","4":"format-standard","5":"has-post-thumbnail","7":"category-actualidad","8":"tag-santander-triathlon-series","9":"tag-valencia"},"acf":[],"_links":{"self":[{"href":"https:\/\/miurltemporal.com/main/triatletasenred.sport.es\/wp-json\/wp\/v2\/posts\/51438"}],"collection":[{"href":"https:\/\/miurltemporal.com/main/triatletasenred.sport.es\/wp-json\/wp\/v2\/posts"}],"about":[{"href":"https:\/\/miurltemporal.com/main/triatletasenred.sport.es\/wp-json\/wp\/v2\/types\/post"}],"author":[{"embeddable":true,"href":"https:\/\/miurltemporal.com/main/triatletasenred.sport.es\/wp-json\/wp\/v2\/users\/23"}],"replies":[{"embeddable":true,"href":"https:\/\/miurltemporal.com/main/triatletasenred.sport.es\/wp-json\/wp\/v2\/comments?post=51438"}],"version-history":[{"count":0,"href":"https:\/\/miurltemporal.com/main/triatletasenred.sport.es\/wp-json\/wp\/v2\/posts\/51438\/revisions"}],"wp:featuredmedia":[{"embeddable":true,"href":"https:\/\/miurltemporal.com/main/triatletasenred.sport.es\/wp-json\/wp\/v2\/media\/51440"}],"wp:attachment":[{"href":"https:\/\/miurltemporal.com/main/triatletasenred.sport.es\/wp-json\/wp\/v2\/media?parent=51438"}],"wp:term":[{"taxonomy":"category","embeddable":true,"href":"https:\/\/miurltemporal.com/main/triatletasenred.sport.es\/wp-json\/wp\/v2\/categories?post=51438"},{"taxonomy":"post_tag","embeddable":true,"href":"https:\/\/miurltemporal.com/main/triatletasenred.sport.es\/wp-json\/wp\/v2\/tags?post=51438"}],"curies":[{"name":"wp","href":"https:\/\/api.w.org\/{rel}","templated":true}]}}