{"id":51072,"date":"2017-04-24T11:01:17","date_gmt":"2017-04-24T09:01:17","guid":{"rendered":"http:\/\/triatletasenred.com\/?p=51072"},"modified":"2017-04-24T12:56:05","modified_gmt":"2017-04-24T10:56:05","slug":"torrades-tusell-conquistan-emocion-triatlo-terres-lebre","status":"publish","type":"post","link":"https:\/\/miurltemporal.com/main/triatletasenred.sport.es\/actualidad\/torrades-tusell-conquistan-emocion-triatlo-terres-lebre\/","title":{"rendered":"Torrades y Tusell conquistan el Triatl\u00f3 Terres de l&#8217;Ebre"},"content":{"rendered":"<h3 style=\"text-align: justify;\">No importan los rivales, ni el tiempo, ni sus propias sensaciones. Xavier Torrades el Conquistador lo volvi\u00f3 a hacer. S\u00e9ptima victoria en siete ediciones del catal\u00e1n, esta vez por delante de V\u00edctor Del Corral. Victoria con remontada para Merc\u00e8 Tusell.<\/h3>\n<p style=\"text-align: justify;\">Como ocurre\u00a0cuando hablamos de grandes deportistas que dejan su huella en la historia por alg\u00fan u otro motivo, llega un momento que a los periodistas se nos acaban los calificativos. Ponedle el que quer\u00e1is, pero lo que s\u00ed es incontestable son los datos, fr\u00edos pero irreprochables: de siete ediciones celebradas, siete victorias para Xavier Torrades.<\/p>\n<p style=\"text-align: justify;\">Dec\u00eda\u00a0el manresano en la previa de la carrera que, aunque no lo parezca, cada a\u00f1o es m\u00e1s dif\u00edcil revalidar el t\u00edtulo. Y este a\u00f1o, sin duda, <strong>no fue una carrera f\u00e1cil<\/strong> para \u00e9l, con un campe\u00f3n Ironman como V\u00edctor Del Corral enfrente. Pero el resultado, el de siempre.<\/p>\n<p style=\"text-align: justify;\"><strong>Victoria\u00a0a base de constancia\u00a0<\/strong><\/p>\n<p style=\"text-align: justify;\">Conocedor del circuito, Xavier sali\u00f3 segundo del agua, solo superado por Kiko Hervas y con pr\u00e1cticamente 4 minutos sobre Del Corral. Un gran inicio que luego se confirm\u00f3 en la bici, donde regul\u00f3 fuerzas y mantuvo distancias con sus rivales. Aunque V\u00edctor fue el m\u00e1s r\u00e1pido en completar ese sector a dos ruedas, Xavier lleg\u00f3 a la T2 como l\u00edder, con minuto y medio de ventaja.<\/p>\n<p style=\"text-align: justify;\"><img fetchpriority=\"high\" decoding=\"async\" class=\"aligncenter wp-image-51077\" src=\"https:\/\/miurltemporal.com/main/triatletasenred.sport.es\/wp-content\/uploads\/xavier-bici.jpg\" alt=\"\" width=\"467\" height=\"311\" srcset=\"https:\/\/miurltemporal.com/main/triatletasenred.sport.es\/wp-content\/uploads\/xavier-bici.jpg 744w, https:\/\/miurltemporal.com/main/triatletasenred.sport.es\/wp-content\/uploads\/xavier-bici-700x467.jpg 700w, https:\/\/miurltemporal.com/main/triatletasenred.sport.es\/wp-content\/uploads\/xavier-bici-300x200.jpg 300w\" sizes=\"(max-width: 467px) 100vw, 467px\" \/><\/p>\n<p style=\"text-align: justify;\">Ya en los \u00faltimos 20 km de carrera a pie, Xavier no dio opci\u00f3n a dudas y certific\u00f3 su victoria con el segundo mejor parcial en este sector. Con un tiempo de <strong>4h 08&#8217;52<\/strong>, super\u00f3 a Del Corral con 4h 12&#8217;07 y a <strong>Lluis Vila<\/strong> con 4h 14&#8217;55. Este \u00faltimo logr\u00f3 una bonita remontada tras volar a pie y firmar\u00a0el mejor parcial (1h 12&#8217;31).<\/p>\n<p style=\"text-align: justify;\"><img decoding=\"async\" class=\"alignleft wp-image-51075\" src=\"https:\/\/miurltemporal.com/main/triatletasenred.sport.es\/wp-content\/uploads\/merc\u00e8-2.jpg\" alt=\"\" width=\"416\" height=\"339\" srcset=\"https:\/\/miurltemporal.com/main/triatletasenred.sport.es\/wp-content\/uploads\/merc\u00e8-2.jpg 716w, https:\/\/miurltemporal.com/main/triatletasenred.sport.es\/wp-content\/uploads\/merc\u00e8-2-700x570.jpg 700w, https:\/\/miurltemporal.com/main/triatletasenred.sport.es\/wp-content\/uploads\/merc\u00e8-2-300x244.jpg 300w, https:\/\/miurltemporal.com/main/triatletasenred.sport.es\/wp-content\/uploads\/merc\u00e8-2-168x137.jpg 168w\" sizes=\"(max-width: 416px) 100vw, 416px\" \/>Pero para <strong>emoci\u00f3n en la carrera femenina<\/strong>, donde la igualdad estuvo a la orden del d\u00eda. La triatleta del CN Matar\u00f3 <strong>Aida F\u00e0brega<\/strong> fue de menos a m\u00e1s y complet\u00f3 el tercer mejor sector sobre la bici para llegar l\u00edder a la T2. Neus Vidal llegaba a escasos 20 segundos y, a tres minutos, <strong>Merc\u00e8 Tusell<\/strong>.<\/p>\n<p style=\"text-align: justify;\">Parec\u00eda que la lucha estar\u00eda entre las dos primeras pero Merc\u00e8 puso velocidad crucero y poco a poco consigui\u00f3 remontar segundos hasta superar a Aida en el tramo final.\u00a0As\u00ed pues, victoria ajustada de Merc\u00e8 Tusell con <strong>5h 01&#8217;41<\/strong>, por delante de Aida con 5h 02&#8217;14 y de Neus con 5h 05&#8217;18.<\/p>\n<p style=\"text-align: justify;\">&#8220;Ha sido un d\u00eda redondo, con climatolog\u00eda buena, mucha participaci\u00f3n y mejores registros que el a\u00f1o pasado para los ganadores. Cada a\u00f1o disfrutamos de\u00a0un mejor ambiente y creo que tenemos Torrades para rato en Terres de l&#8217;Ebre&#8221; explica el director de la prueba, <strong>Javi Padrosa<\/strong>.<\/p>\n","protected":false},"excerpt":{"rendered":"<p>No importan los rivales, ni el tiempo, ni sus propias sensaciones. Xavier Torrades el Conquistador lo volvi\u00f3 a hacer. S\u00e9ptima victoria en siete ediciones del catal\u00e1n, esta vez por delante de V\u00edctor Del Corral. Victoria con remontada para Merc\u00e8 Tusell. Como ocurre\u00a0cuando hablamos de grandes deportistas que dejan su huella en la historia por alg\u00fan [&hellip;]<\/p>\n","protected":false},"author":23,"featured_media":51074,"comment_status":"closed","ping_status":"closed","sticky":false,"template":"","format":"standard","meta":{"_acf_changed":false,"rank_math_lock_modified_date":false,"footnotes":""},"categories":[17],"tags":[2470,3767,279,2015],"class_list":{"0":"post-51072","1":"post","2":"type-post","3":"status-publish","4":"format-standard","5":"has-post-thumbnail","7":"category-actualidad","8":"tag-merce-tusell","9":"tag-triatlo-terres-de-lebre","10":"tag-victor-del-corral","11":"tag-xavier-torrades"},"acf":[],"_links":{"self":[{"href":"https:\/\/miurltemporal.com/main/triatletasenred.sport.es\/wp-json\/wp\/v2\/posts\/51072"}],"collection":[{"href":"https:\/\/miurltemporal.com/main/triatletasenred.sport.es\/wp-json\/wp\/v2\/posts"}],"about":[{"href":"https:\/\/miurltemporal.com/main/triatletasenred.sport.es\/wp-json\/wp\/v2\/types\/post"}],"author":[{"embeddable":true,"href":"https:\/\/miurltemporal.com/main/triatletasenred.sport.es\/wp-json\/wp\/v2\/users\/23"}],"replies":[{"embeddable":true,"href":"https:\/\/miurltemporal.com/main/triatletasenred.sport.es\/wp-json\/wp\/v2\/comments?post=51072"}],"version-history":[{"count":0,"href":"https:\/\/miurltemporal.com/main/triatletasenred.sport.es\/wp-json\/wp\/v2\/posts\/51072\/revisions"}],"wp:featuredmedia":[{"embeddable":true,"href":"https:\/\/miurltemporal.com/main/triatletasenred.sport.es\/wp-json\/wp\/v2\/media\/51074"}],"wp:attachment":[{"href":"https:\/\/miurltemporal.com/main/triatletasenred.sport.es\/wp-json\/wp\/v2\/media?parent=51072"}],"wp:term":[{"taxonomy":"category","embeddable":true,"href":"https:\/\/miurltemporal.com/main/triatletasenred.sport.es\/wp-json\/wp\/v2\/categories?post=51072"},{"taxonomy":"post_tag","embeddable":true,"href":"https:\/\/miurltemporal.com/main/triatletasenred.sport.es\/wp-json\/wp\/v2\/tags?post=51072"}],"curies":[{"name":"wp","href":"https:\/\/api.w.org\/{rel}","templated":true}]}}