{"id":50491,"date":"2018-03-22T04:42:04","date_gmt":"2018-03-22T02:42:04","guid":{"rendered":"http:\/\/triatletasenred.com\/?p=50491"},"modified":"2018-03-22T17:59:30","modified_gmt":"2018-03-22T15:59:30","slug":"cuenta-atras-la-vi-marcha-cicloturista-ports-del-maresme","status":"publish","type":"post","link":"https:\/\/miurltemporal.com/main/triatletasenred.sport.es\/cicloturismo\/cuenta-atras-la-vi-marcha-cicloturista-ports-del-maresme\/","title":{"rendered":"Cuenta atr\u00e1s a la VII marcha cicloturista Ports del Maresme"},"content":{"rendered":"<h3 style=\"text-align: justify\">Pocas\u00a0semanas para que se de la salida a esta nueva edici\u00f3n de la Marcha Cicloturista Ports del Maresme que nuevamente presenta un gran volumen de participaci\u00f3n y novedades marca de la casa.<\/h3>\n<p style=\"text-align: justify\"><img fetchpriority=\"high\" decoding=\"async\" src=\"https:\/\/miurltemporal.com/main/triatletasenred.sport.es\/wp-content\/uploads\/etixx750x100.jpg\" class=\"size-full wp-image-50332\" height=\"100\" alt=\"\" width=\"750\" srcset=\"https:\/\/miurltemporal.com/main/triatletasenred.sport.es\/wp-content\/uploads\/etixx750x100.jpg 750w, https:\/\/miurltemporal.com/main/triatletasenred.sport.es\/wp-content\/uploads\/etixx750x100-700x93.jpg 700w, https:\/\/miurltemporal.com/main/triatletasenred.sport.es\/wp-content\/uploads\/etixx750x100-300x40.jpg 300w, https:\/\/miurltemporal.com/main/triatletasenred.sport.es\/wp-content\/uploads\/etixx750x100-600x80.jpg 600w, https:\/\/miurltemporal.com/main/triatletasenred.sport.es\/wp-content\/uploads\/etixx750x100-80x11.jpg 80w\" sizes=\"(max-width: 750px) 100vw, 750px\" \/><\/p>\n<p>La organizaci\u00f3n del<strong> Club Ciclista MuntBikes<\/strong>\u00a0sigue en la l\u00ednea continuista que le ha proporcionado la empat\u00eda de ciclistas y triatletas durante los a\u00f1os previos para ofrecer una s\u00e9ptima edici\u00f3n con los recorridos espect\u00e1culares de siempre y peque\u00f1as mejoras para poner la guinda a una matinal de pedales y camarader\u00eda por la<strong>s carreteras del Montseny y Montnegre Corredor.\u00a0<\/strong><\/p>\n<p style=\"text-align: justify\">A pocas semanas, el evento est\u00e1 ya a punto de agotar las inscripciones a las 2 distancias disponibles<strong> 140 kms con 2400<\/strong> de desnivel acumulado en la versi\u00f3n larga o <strong>96 kms con 1800 positivos<\/strong> en la versi\u00f3n corta. En ambos recorridos iremos escoltados por veh\u00edculos h\u00edbridos cedidos por Hyundai\u00a0Motorprim.<\/p>\n<figure style=\"width: 640px\" class=\"wp-caption aligncenter\"><img decoding=\"async\" src=\"https:\/\/2.bp.blogspot.com\/-v4VKLhbuUS0\/WqG4_i_3MwI\/AAAAAAAAEwg\/JglCHUk5IIQD6M8P6RbtJKb3t0p4uuwwACLcBGAs\/s640\/Ports%2Bdel%2BMaresme%2BLlarga%2B2018.png\" class=\"size-full\" height=\"240\" width=\"640\"><figcaption class=\"wp-caption-text\">Versi\u00f3n Larga<\/figcaption><\/figure>\n<figure style=\"width: 640px\" class=\"wp-caption aligncenter\"><img decoding=\"async\" src=\"https:\/\/3.bp.blogspot.com\/-mFJGo0Z-d7I\/WqG5AcumoUI\/AAAAAAAAEwk\/Uf79q1XF_P47vWEU6UjLvZpx78QB_L3fgCLcBGAs\/s640\/Ports%2Bdel%2BMaresme%2BCurta%2B2018.png\" class=\"size-full\" height=\"241\" width=\"640\"><figcaption class=\"wp-caption-text\">Versi\u00f3n corta<\/figcaption><\/figure>\n<p style=\"text-align: justify\">Este a\u00f1o el maillot de la organizaci\u00f3n, regalo para los 750 primeros inscritos, ser\u00e1 nuevamente de la marca italiana\u00a0<span class=\"s1\"><strong>Giordana<\/strong><\/span><span class=\"s1\"> un toque de calidad y un detalle a tener en cuenta sin duda.\u00a0<\/span><\/p>\n<p style=\"text-align: justify\"><img loading=\"lazy\" decoding=\"async\" src=\"https:\/\/2.bp.blogspot.com\/-LZDLu_7MtVU\/Wk0p8F2Rw2I\/AAAAAAAAEsE\/aQBseY1Itg8j6E-2r3ujX8NcvLDR0WlkQCLcBGAs\/s640\/Pinarello%2BGAN%2B2018%2B%2528142%2BRed%2529.jpg\" class=\"alignright\" height=\"168\" width=\"269\">Otro tema que nos propone la organizaci\u00f3n es\u00a0un avituallamiento final marca de la casa\u00a0cortadores de jamon de Los Santos Iberico para probar sus delicioso ibericos y fideu\u00e1 cocinada por el Restaurant Can Dani del puerto de Arenys de Mar.<\/p>\n<p style=\"text-align: justify\">Un magn\u00edfico recuperador para un esfuerzo que nos llevar\u00e1 a disfrutar de nuestra bicicleta por unos parajes \u00fanicos.<\/p>\n<p style=\"text-align: justify\">Participes en la marcha corta o la larga no te va a faltar apetito para degustar este regalo final \u00bfverdad?<\/p>\n<p style=\"text-align: justify\">Otro punto que destaca la organizaci\u00f3n de <strong>MuntBikes<\/strong> es el sorteo de\u00a0 una fant\u00e1stica<strong>\u00a0Pinarello Gan Carbon 2018\u00a0<\/strong>\u00a0entre todos los inscritos.<\/p>\n<p style=\"text-align: justify\">\u00bfTe hacen falta m\u00e1s detalles?<\/p>\n<p style=\"text-align: justify\"><a class=\"vc_btn vc_btn-default vc_btn-sm vc_btn_square \" href=\"https:\/\/www.muntbikes.com\/es\/munt-bikesla-ports-18.htm\" rel=\"nofollow noopener\" target=\"_blank\">WEB OFICIAL E INSCRIPCIONES<\/a><\/p>\n","protected":false},"excerpt":{"rendered":"<p>Pocas\u00a0semanas para que se de la salida a esta nueva edici\u00f3n de la Marcha Cicloturista Ports del Maresme que nuevamente presenta un gran volumen de participaci\u00f3n y novedades marca de la casa. La organizaci\u00f3n del Club Ciclista MuntBikes\u00a0sigue en la l\u00ednea continuista que le ha proporcionado la empat\u00eda de ciclistas y triatletas durante los a\u00f1os [&hellip;]<\/p>\n","protected":false},"author":2,"featured_media":42947,"comment_status":"closed","ping_status":"closed","sticky":false,"template":"","format":"standard","meta":{"_acf_changed":false,"rank_math_lock_modified_date":false,"footnotes":""},"categories":[2833],"tags":[],"class_list":{"0":"post-50491","1":"post","2":"type-post","3":"status-publish","4":"format-standard","5":"has-post-thumbnail","7":"category-cicloturismo"},"acf":[],"_links":{"self":[{"href":"https:\/\/miurltemporal.com/main/triatletasenred.sport.es\/wp-json\/wp\/v2\/posts\/50491"}],"collection":[{"href":"https:\/\/miurltemporal.com/main/triatletasenred.sport.es\/wp-json\/wp\/v2\/posts"}],"about":[{"href":"https:\/\/miurltemporal.com/main/triatletasenred.sport.es\/wp-json\/wp\/v2\/types\/post"}],"author":[{"embeddable":true,"href":"https:\/\/miurltemporal.com/main/triatletasenred.sport.es\/wp-json\/wp\/v2\/users\/2"}],"replies":[{"embeddable":true,"href":"https:\/\/miurltemporal.com/main/triatletasenred.sport.es\/wp-json\/wp\/v2\/comments?post=50491"}],"version-history":[{"count":0,"href":"https:\/\/miurltemporal.com/main/triatletasenred.sport.es\/wp-json\/wp\/v2\/posts\/50491\/revisions"}],"wp:featuredmedia":[{"embeddable":true,"href":"https:\/\/miurltemporal.com/main/triatletasenred.sport.es\/wp-json\/wp\/v2\/media\/42947"}],"wp:attachment":[{"href":"https:\/\/miurltemporal.com/main/triatletasenred.sport.es\/wp-json\/wp\/v2\/media?parent=50491"}],"wp:term":[{"taxonomy":"category","embeddable":true,"href":"https:\/\/miurltemporal.com/main/triatletasenred.sport.es\/wp-json\/wp\/v2\/categories?post=50491"},{"taxonomy":"post_tag","embeddable":true,"href":"https:\/\/miurltemporal.com/main/triatletasenred.sport.es\/wp-json\/wp\/v2\/tags?post=50491"}],"curies":[{"name":"wp","href":"https:\/\/api.w.org\/{rel}","templated":true}]}}