{"id":50462,"date":"2017-03-17T14:07:16","date_gmt":"2017-03-17T12:07:16","guid":{"rendered":"http:\/\/triatletasenred.com\/?p=50462"},"modified":"2017-03-18T10:04:52","modified_gmt":"2017-03-18T08:04:52","slug":"noya-superleague","status":"publish","type":"post","link":"https:\/\/miurltemporal.com/main/triatletasenred.sport.es\/actualidad\/noya-superleague\/","title":{"rendered":"Vive los mejores momentos del arranque de la SuperLeage. \u00a1Noya y Mola en la pomada!"},"content":{"rendered":"<h3>Espectacular puesta en escena de la SuperLeague. La&nbsp;propuesta multi deportiva de Chris &#8220;Macca&#8221; McCormack ha puesto el list\u00f3n alt\u00edsimo en cuanto a calidad y espect\u00e1culo en esta primera jornada en la que Murray ha sido el m\u00e1s fuerte.<\/h3>\n<p>24 atletas de nivel mundial, entre ellos el campe\u00f3n del mundo<strong> Mario Mola<\/strong>, el oro ol\u00edmpico <strong>Alistair Brownlee<\/strong> y nuestra leyenda <strong>Javier G\u00f3mez Noya<\/strong> han dado hoy un recital en Hamilton Island.<\/p>\n<p>El vencedor de esta primera etapa ha sido el Sudafricano <strong>Richard Murray,<\/strong> segundo puesto para el eslovaco <strong>Richard Varga<\/strong> y el atleta local, el australiano <strong>Ryan Bailie.<\/strong> Nuestros embajadores <strong>Javier G\u00f3mez Noya (6\u00ba) y Mario Mola (4\u00ba),<\/strong> &nbsp;han dado la cara en todo momento pero han ido perdiendo segundos a medida que avanzaba la jornada pero finalmente se quedaron cerca de los puestos de cabeza.<\/p>\n<p><figure id=\"attachment_50463\" aria-describedby=\"caption-attachment-50463\" style=\"width: 300px\" class=\"wp-caption alignright\"><img fetchpriority=\"high\" decoding=\"async\" class=\"size-medium wp-image-50463\" src=\"https:\/\/miurltemporal.com/main/triatletasenred.sport.es\/wp-content\/uploads\/mola-noya-superleague-300x187.jpg\" alt=\"\" width=\"300\" height=\"187\" srcset=\"https:\/\/miurltemporal.com/main/triatletasenred.sport.es\/wp-content\/uploads\/mola-noya-superleague-300x187.jpg 300w, https:\/\/miurltemporal.com/main/triatletasenred.sport.es\/wp-content\/uploads\/mola-noya-superleague-700x437.jpg 700w, https:\/\/miurltemporal.com/main/triatletasenred.sport.es\/wp-content\/uploads\/mola-noya-superleague-696x434.jpg 696w, https:\/\/miurltemporal.com/main/triatletasenred.sport.es\/wp-content\/uploads\/mola-noya-superleague-673x420.jpg 673w, https:\/\/miurltemporal.com/main/triatletasenred.sport.es\/wp-content\/uploads\/mola-noya-superleague-600x374.jpg 600w, https:\/\/miurltemporal.com/main/triatletasenred.sport.es\/wp-content\/uploads\/mola-noya-superleague-80x50.jpg 80w, https:\/\/miurltemporal.com/main/triatletasenred.sport.es\/wp-content\/uploads\/mola-noya-superleague.jpg 758w\" sizes=\"(max-width: 300px) 100vw, 300px\" \/><figcaption id=\"caption-attachment-50463\" class=\"wp-caption-text\">&#x1f4f7;Twitter Mario Mola<\/figcaption><\/figure><strong>Ranking&nbsp;1st Stage:&nbsp;<\/strong><\/p>\n<ul>\n<li><strong>Jake Birtwhistle<\/strong><\/li>\n<li><span style=\"color: #ff0000;\">Mario Mola<\/span><\/li>\n<li>Richard Murray<\/li>\n<li>Kristian Blummenfelt<\/li>\n<li><span style=\"color: #ff0000;\">Javi G\u00f3mez Noya<\/span><\/li>\n<\/ul>\n<p><strong>Ranking 2nd Stage<\/strong><\/p>\n<ul>\n<li><strong>Richard Varga<\/strong><\/li>\n<li>Andrea Salvisberg<\/li>\n<li>Igor Polyanskiy<\/li>\n<li>Ryan Bailie<\/li>\n<li>Ryan Fisher<\/li>\n<\/ul>\n<p>(Mola fue 8\u00ba)<\/p>\n<p><strong>Ranking 3rd Stage<\/strong><\/p>\n<ul>\n<li><strong>Richard Murray<\/strong><\/li>\n<li>Richard Varga<\/li>\n<li>Ryan Baile<\/li>\n<li>Igor Polyansliy<\/li>\n<li><span style=\"color: #ff0000;\">Mario Mola<\/span><\/li>\n<\/ul>\n<p>Tomad asiento !!&nbsp;\u00bfqu\u00e9 os ha parecido este nuevo formato?<\/p>\n<p>&nbsp;<\/p>\n<p>&nbsp;<\/p>\n","protected":false},"excerpt":{"rendered":"<p>Espectacular puesta en escena de la SuperLeague. La&nbsp;propuesta multi deportiva de Chris &#8220;Macca&#8221; McCormack ha puesto el list\u00f3n alt\u00edsimo en cuanto a calidad y espect\u00e1culo en esta primera jornada en la que Murray ha sido el m\u00e1s fuerte. 24 atletas de nivel mundial, entre ellos el campe\u00f3n del mundo Mario Mola, el oro ol\u00edmpico Alistair [&hellip;]<\/p>\n","protected":false},"author":2,"featured_media":50463,"comment_status":"closed","ping_status":"closed","sticky":false,"template":"","format":"standard","meta":{"_acf_changed":false,"rank_math_lock_modified_date":false,"footnotes":""},"categories":[17,2033],"tags":[607,2331,5290,5464],"class_list":{"0":"post-50462","1":"post","2":"type-post","3":"status-publish","4":"format-standard","5":"has-post-thumbnail","7":"category-actualidad","8":"category-sport","9":"tag-mola","10":"tag-murray","11":"tag-noya","12":"tag-superleague"},"acf":[],"_links":{"self":[{"href":"https:\/\/miurltemporal.com/main/triatletasenred.sport.es\/wp-json\/wp\/v2\/posts\/50462"}],"collection":[{"href":"https:\/\/miurltemporal.com/main/triatletasenred.sport.es\/wp-json\/wp\/v2\/posts"}],"about":[{"href":"https:\/\/miurltemporal.com/main/triatletasenred.sport.es\/wp-json\/wp\/v2\/types\/post"}],"author":[{"embeddable":true,"href":"https:\/\/miurltemporal.com/main/triatletasenred.sport.es\/wp-json\/wp\/v2\/users\/2"}],"replies":[{"embeddable":true,"href":"https:\/\/miurltemporal.com/main/triatletasenred.sport.es\/wp-json\/wp\/v2\/comments?post=50462"}],"version-history":[{"count":0,"href":"https:\/\/miurltemporal.com/main/triatletasenred.sport.es\/wp-json\/wp\/v2\/posts\/50462\/revisions"}],"wp:featuredmedia":[{"embeddable":true,"href":"https:\/\/miurltemporal.com/main/triatletasenred.sport.es\/wp-json\/wp\/v2\/media\/50463"}],"wp:attachment":[{"href":"https:\/\/miurltemporal.com/main/triatletasenred.sport.es\/wp-json\/wp\/v2\/media?parent=50462"}],"wp:term":[{"taxonomy":"category","embeddable":true,"href":"https:\/\/miurltemporal.com/main/triatletasenred.sport.es\/wp-json\/wp\/v2\/categories?post=50462"},{"taxonomy":"post_tag","embeddable":true,"href":"https:\/\/miurltemporal.com/main/triatletasenred.sport.es\/wp-json\/wp\/v2\/tags?post=50462"}],"curies":[{"name":"wp","href":"https:\/\/api.w.org\/{rel}","templated":true}]}}