{"id":50386,"date":"2017-03-13T17:20:14","date_gmt":"2017-03-13T15:20:14","guid":{"rendered":"http:\/\/triatletasenred.com\/?p=50386"},"modified":"2017-03-13T17:25:57","modified_gmt":"2017-03-13T15:25:57","slug":"jordi-perez-director-ironman-70-3-barcelona","status":"publish","type":"post","link":"https:\/\/miurltemporal.com/main/triatletasenred.sport.es\/entrevistas-triatlon\/jordi-perez-director-ironman-70-3-barcelona\/","title":{"rendered":"Jordi P\u00e9rez, director de IRONMAN 70.3 Barcelona: &#8220;Estamos m\u00e1s motivados que nunca&#8221;"},"content":{"rendered":"<h3>Jordi P\u00e9rez asume este 2017 el rol de director de los eventos IRONMAN en Barcelona tras el nombramiento de \u00a0Agust\u00ed P\u00e9rez, hasta la fecha co-director, como responsable global de IRONMAN Espa\u00f1a. El hermano mayor de los P\u00e9rez nos habla de la temporada 2017.<\/h3>\n<p>En primer lugar, \u00bfdebemos felicitarte por el nuevo cargo?<\/p>\n<p><em><strong>La verdad es que no creo que sea motivo de felicitaci\u00f3n, hasta la fecha hemos trabajado codo con codo con mi hermano Agust\u00ed y nuestro equipo de trabajo y este aspecto no va a variar mucho en nuestra rutina diaria. En todo caso el que ha asumido un mayor reto en nuestra empresa es \u00e9l y tal vez quien merezca la felicitaci\u00f3n.<\/strong><\/em><\/p>\n<p>Hablas de un equipo de trabajo, \u00bfQui\u00e9n forma este equipo de trabajo en IRONMAN Espa\u00f1a?<\/p>\n<figure id=\"attachment_50392\" aria-describedby=\"caption-attachment-50392\" style=\"width: 300px\" class=\"wp-caption alignleft\"><img fetchpriority=\"high\" decoding=\"async\" class=\"size-medium wp-image-50392\" src=\"https:\/\/miurltemporal.com/main/triatletasenred.sport.es\/wp-content\/uploads\/ironmanstaff-300x283.jpg\" alt=\"\" width=\"300\" height=\"283\" srcset=\"https:\/\/miurltemporal.com/main/triatletasenred.sport.es\/wp-content\/uploads\/ironmanstaff-300x283.jpg 300w, https:\/\/miurltemporal.com/main/triatletasenred.sport.es\/wp-content\/uploads\/ironmanstaff.jpg 600w, https:\/\/miurltemporal.com/main/triatletasenred.sport.es\/wp-content\/uploads\/ironmanstaff-80x75.jpg 80w\" sizes=\"(max-width: 300px) 100vw, 300px\" \/><figcaption id=\"caption-attachment-50392\" class=\"wp-caption-text\">Staff IRONMAN Barcelona 2016<\/figcaption><\/figure>\n<p><em><strong>Es dif\u00edcil darte nombres o un n\u00famero concreto ya que son muchas las personas que intervienen en la organizaci\u00f3n de las pruebas<a href=\"http:\/\/im.cake.aclz.net\/?sc=840&amp;c=3275&amp;s1=&amp;ckmrdr=http%3A%2F%2Fwww.ironman.com%2Fes-es%2Ftriathlon%2Fevents%2Femea%2Fironman-70-3%2Fbarcelona.aspx\" rel=\"nofollow noopener\" target=\"_blank\"> IRONMAN y IRONMAN 70.3 Barcelona <\/a>y no me gustar\u00eda dejarme a nadie. En todo caso en la oficina de la empresa en Barcelona trabajamos todo el a\u00f1o 7 personas pero el n\u00famero se multiplica en funci\u00f3n del momento de la temporada. Durante la semana del evento somos casi un centenar entre los diferentes equipos de trabajo, log\u00edstica, operaciones, marketing, expo, administraci\u00f3n&#8230;<\/strong><\/em><\/p>\n<p>3000 inscripciones agotadas a casi un a\u00f1o vista del Ironman Barcelona y a pocos dorsales de conseguir la cifra r\u00e9cord de 2500 en el <a href=\"http:\/\/im.cake.aclz.net\/?sc=840&amp;c=3275&amp;s1=&amp;ckmrdr=http%3A%2F%2Fwww.ironman.com%2Fes-es%2Ftriathlon%2Fevents%2Femea%2Fironman-70-3%2Fbarcelona.aspx\" rel=\"nofollow noopener\" target=\"_blank\">Ironman 70.3 Barcelona<\/a>. \u00bfExiste una fiebre IRONMAN?<\/p>\n<p><em><strong>No se si existe esta fiebre pero es obvio que el deporte del triatl\u00f3n ha crecido y en especial las pruebas de media y larga distancia se han multiplicado. La oferta es muy amplia y nosotros tenemos la suerte de contar con la confianza de los deportistas que nos escogen dentro de este gran mapa. La lectura solo puede ser de m\u00e1xima motivaci\u00f3n por responder a estas expectativas creadas alrededor de nuestra propuesta de triatl\u00f3n.<\/strong><\/em><\/p>\n<p>El primer evento IRONMAN 70.3 Barcelona tuvo un cartel nivel Kona con Eneko Llanos, Silvain Sudrie, Frederik Van Lierde y el mismisimo Jan Frodeno que, a la postre, fuera campe\u00f3n del mundo IRONMAN y IRONMAN 70.3 . \u00bfSe puede repetir un cartel de ese nivelazo?\u00bfAlguna pista de qui\u00e9nes podemos ver el 21 de mayo en Calella?<\/p>\n<p><em><strong>Todas las pruebas IRONMAN tienen carteles de alto voltaje. Por calendario en Europa el <a href=\"http:\/\/im.cake.aclz.net\/?sc=840&amp;c=3275&amp;s1=&amp;ckmrdr=http%3A%2F%2Fwww.ironman.com%2Fes-es%2Ftriathlon%2Fevents%2Femea%2Fironman-70-3%2Fbarcelona.aspx\" rel=\"nofollow noopener\" target=\"_blank\">IRONMAN 70.3 Barcelona <\/a>encaja muy bien a los atletas en su camino a Kona. Este a\u00f1o sin ir m\u00e1s lejos tenemos ya confirmados a un campe\u00f3n del mundo como es Van Lierde, otra bestia parda como Boris Stein, el vencedor de nuestras dos pruebas en 2016 Patrick Nilsson (sub 8 en octubre) y nuestro h\u00e9roe local Victor del Corral. Y en breve esperamos confirmar la presencia de una bomba del mismo nivel o m\u00e1s.<\/strong><\/em><\/p>\n<p><a href=\"http:\/\/im.cake.aclz.net\/?sc=840&amp;c=3275&amp;s1=&amp;ckmrdr=http%3A%2F%2Fwww.ironman.com%2Fes-es%2Ftriathlon%2Fevents%2Femea%2Fironman-70-3%2Fbarcelona.aspx\" rel=\"nofollow noopener\" target=\"_blank\"><img decoding=\"async\" class=\"aligncenter size-full wp-image-50113\" src=\"https:\/\/miurltemporal.com/main/triatletasenred.sport.es\/wp-content\/uploads\/Banner-IM-700x150-Ultimas-Plazas.gif\" alt=\"\" width=\"700\" height=\"150\" \/><\/a><\/p>\n<p>\u00bfUna bomba alemana que suele entrenar por la zona tal vez?<\/p>\n<p><em><strong>Hasta aqu\u00ed puedo leer.<\/strong><\/em><\/p>\n<p>La prueba del 21 de mayo ha tenido seg\u00fan las encuestas de los participantes una de las notas m\u00e1s altas del IRONMAN Tour \u00bfCu\u00e1les son las claves de este IRONMAN 70.3 Barcelona?<\/p>\n<p><em><strong>Lo principal y nuestro valor impagable es el voluntariado. Desde el m\u00e1s joven estudiante hasta el jubilado del centro ponen una pasi\u00f3n digna de agradecer y de ver. Si sumas este valor al equipo de trabajo que comentaba antes y la experiencia acumulada en intentar dar la mejor experiencia al atleta y a\u00f1ades los recorridos de bici por dos Parques Naturales el resultado es una prueba, entendemos que muy completa.<\/strong><\/em><\/p>\n<p><em><strong>No quiero tampoco olvidar la predisposici\u00f3n de la ciudad de Calella y el resto de municipios por los que transcurren nuestras pruebas, tanto por parte de sus gobernantes como de todos y cada uno de los ciudadanos que a\u00f1o tras a\u00f1o hacen suyo este evento.<\/strong><\/em><\/p>\n<p>&nbsp;<\/p>\n","protected":false},"excerpt":{"rendered":"<p>Jordi P\u00e9rez asume este 2017 el rol de director de los eventos IRONMAN en Barcelona tras el nombramiento de \u00a0Agust\u00ed P\u00e9rez, hasta la fecha co-director, como responsable global de IRONMAN Espa\u00f1a. El hermano mayor de los P\u00e9rez nos habla de la temporada 2017. En primer lugar, \u00bfdebemos felicitarte por el nuevo cargo? La verdad es [&hellip;]<\/p>\n","protected":false},"author":2,"featured_media":50391,"comment_status":"closed","ping_status":"closed","sticky":false,"template":"","format":"standard","meta":{"_acf_changed":false,"rank_math_lock_modified_date":false,"footnotes":""},"categories":[10,17,2033],"tags":[3095,5457],"class_list":{"0":"post-50386","1":"post","2":"type-post","3":"status-publish","4":"format-standard","5":"has-post-thumbnail","7":"category-entrevistas-triatlon","8":"category-actualidad","9":"category-sport","10":"tag-ironman-70-3-barcelona","11":"tag-ironman-barcelona-2017"},"acf":[],"_links":{"self":[{"href":"https:\/\/miurltemporal.com/main/triatletasenred.sport.es\/wp-json\/wp\/v2\/posts\/50386"}],"collection":[{"href":"https:\/\/miurltemporal.com/main/triatletasenred.sport.es\/wp-json\/wp\/v2\/posts"}],"about":[{"href":"https:\/\/miurltemporal.com/main/triatletasenred.sport.es\/wp-json\/wp\/v2\/types\/post"}],"author":[{"embeddable":true,"href":"https:\/\/miurltemporal.com/main/triatletasenred.sport.es\/wp-json\/wp\/v2\/users\/2"}],"replies":[{"embeddable":true,"href":"https:\/\/miurltemporal.com/main/triatletasenred.sport.es\/wp-json\/wp\/v2\/comments?post=50386"}],"version-history":[{"count":0,"href":"https:\/\/miurltemporal.com/main/triatletasenred.sport.es\/wp-json\/wp\/v2\/posts\/50386\/revisions"}],"wp:featuredmedia":[{"embeddable":true,"href":"https:\/\/miurltemporal.com/main/triatletasenred.sport.es\/wp-json\/wp\/v2\/media\/50391"}],"wp:attachment":[{"href":"https:\/\/miurltemporal.com/main/triatletasenred.sport.es\/wp-json\/wp\/v2\/media?parent=50386"}],"wp:term":[{"taxonomy":"category","embeddable":true,"href":"https:\/\/miurltemporal.com/main/triatletasenred.sport.es\/wp-json\/wp\/v2\/categories?post=50386"},{"taxonomy":"post_tag","embeddable":true,"href":"https:\/\/miurltemporal.com/main/triatletasenred.sport.es\/wp-json\/wp\/v2\/tags?post=50386"}],"curies":[{"name":"wp","href":"https:\/\/api.w.org\/{rel}","templated":true}]}}