{"id":50378,"date":"2017-03-12T19:57:43","date_gmt":"2017-03-12T17:57:43","guid":{"rendered":"http:\/\/triatletasenred.com\/?p=50378"},"modified":"2017-03-12T20:04:12","modified_gmt":"2017-03-12T18:04:12","slug":"eneko-llanos-ironman-2017","status":"publish","type":"post","link":"https:\/\/miurltemporal.com/main/triatletasenred.sport.es\/actualidad\/eneko-llanos-ironman-2017\/","title":{"rendered":"Eneko Llanos no tuvo el d\u00eda en IRONMAN 70.3 Buenos Aires"},"content":{"rendered":"<h3>Nuestro Kaiser, \u00fanico representante \u00e9lite en el IRONMAN 70.3 Buenos Aires termin\u00f3 decimoctavo en una prueba que venci\u00f3 el canadiense Lionel Sanders.<\/h3>\n<p><img fetchpriority=\"high\" decoding=\"async\" class=\"aligncenter size-full wp-image-50113\" src=\"https:\/\/miurltemporal.com/main/triatletasenred.sport.es\/wp-content\/uploads\/Banner-IM-700x150-Ultimas-Plazas.gif\" alt=\"\" width=\"700\" height=\"150\" \/><\/p>\n<p>Eneko lleg\u00f3 a m\u00e1s de 15 minutos del vencedor, una desventaja a la que no nos tiene acostumbrados. El de Vitoria complet\u00f3 la nataci\u00f3n en 25:36 saliendo en el puesto 14 y no encontr\u00f3 el ritmo en la bici. En este sector cay\u00f3 al puesto 18 y la carrera a pie no sirvi\u00f3 esta vez para mejorar el resultado final.<\/p>\n<figure id=\"attachment_50379\" aria-describedby=\"caption-attachment-50379\" style=\"width: 400px\" class=\"wp-caption alignleft\"><img decoding=\"async\" class=\"size-full wp-image-50379\" src=\"https:\/\/miurltemporal.com/main/triatletasenred.sport.es\/wp-content\/uploads\/eneko-ironman-buenos-aires.jpg\" alt=\"\" width=\"400\" height=\"266\" srcset=\"https:\/\/miurltemporal.com/main/triatletasenred.sport.es\/wp-content\/uploads\/eneko-ironman-buenos-aires.jpg 400w, https:\/\/miurltemporal.com/main/triatletasenred.sport.es\/wp-content\/uploads\/eneko-ironman-buenos-aires-300x200.jpg 300w, https:\/\/miurltemporal.com/main/triatletasenred.sport.es\/wp-content\/uploads\/eneko-ironman-buenos-aires-80x53.jpg 80w\" sizes=\"(max-width: 400px) 100vw, 400px\" \/><figcaption id=\"caption-attachment-50379\" class=\"wp-caption-text\">&#x1f4f7; instagram Eneko Llanos<\/figcaption><\/figure>\n<p>El propio Llanos ha comentado su carrera en <a href=\"https:\/\/www.instagram.com\/p\/BRi8p-Wj9Qa\/?taken-by=enekollanos\" rel=\"nofollow noopener\" target=\"_blank\">su cuenta en instagram<\/a> :\u00a0<em><strong>&#8220;Finisher&#8221; y contento con ello puesto que no han sido pocas las veces que la retirada se me ha pasado por la cabeza. No hab\u00eda &#8220;chicha&#8221; en las piernas hoy, no al menos para estar adelante. Muy atascado en ritmos lentos de los que me cuesta \u00faltimamente pasar&#8221;\u00a0<\/strong><\/em><\/p>\n<p>Sin duda un peque\u00f1o bache en el camino a Kona de Eneko Llanos del que saldr\u00e1 con su constancia y calidad. La pr\u00f3xima parada de nuestro `Kaiser\u00b4ser\u00e1 en el IRONMAN Sud\u00e1frica. De cara a esta nueva prueba Eneko comentaba que : <em><strong>&#8220;Quiero pensar que aunque hoy haya sido un aspecto negativo lo sea bueno para afrontar el Ironman de Sudafrica en tres semanas y ese &#8220;ritmo Ironman&#8221; que tengo mas asimilado me sea de utilidad en las distancias mas largas.&#8221;<\/strong><\/em><\/p>\n<p>Como siempre desde triatletasenred.com toda nuestra confianza en los nuestros y leyendo las palabras de nuestro admirado atleta de Vitoria no hay motivo para la preocupaci\u00f3n. El decano lo ser\u00e1 de nuevo en 2017.<\/p>\n<p>&nbsp;<\/p>\n","protected":false},"excerpt":{"rendered":"<p>Nuestro Kaiser, \u00fanico representante \u00e9lite en el IRONMAN 70.3 Buenos Aires termin\u00f3 decimoctavo en una prueba que venci\u00f3 el canadiense Lionel Sanders. Eneko lleg\u00f3 a m\u00e1s de 15 minutos del vencedor, una desventaja a la que no nos tiene acostumbrados. El de Vitoria complet\u00f3 la nataci\u00f3n en 25:36 saliendo en el puesto 14 y no [&hellip;]<\/p>\n","protected":false},"author":1,"featured_media":42008,"comment_status":"closed","ping_status":"closed","sticky":false,"template":"","format":"standard","meta":{"_acf_changed":false,"rank_math_lock_modified_date":false,"footnotes":""},"categories":[17],"tags":[5455,597,404],"class_list":{"0":"post-50378","1":"post","2":"type-post","3":"status-publish","4":"format-standard","5":"has-post-thumbnail","7":"category-actualidad","8":"tag-buenos-aires","9":"tag-eneko-llanos","10":"tag-ironman"},"acf":[],"_links":{"self":[{"href":"https:\/\/miurltemporal.com/main/triatletasenred.sport.es\/wp-json\/wp\/v2\/posts\/50378"}],"collection":[{"href":"https:\/\/miurltemporal.com/main/triatletasenred.sport.es\/wp-json\/wp\/v2\/posts"}],"about":[{"href":"https:\/\/miurltemporal.com/main/triatletasenred.sport.es\/wp-json\/wp\/v2\/types\/post"}],"author":[{"embeddable":true,"href":"https:\/\/miurltemporal.com/main/triatletasenred.sport.es\/wp-json\/wp\/v2\/users\/1"}],"replies":[{"embeddable":true,"href":"https:\/\/miurltemporal.com/main/triatletasenred.sport.es\/wp-json\/wp\/v2\/comments?post=50378"}],"version-history":[{"count":0,"href":"https:\/\/miurltemporal.com/main/triatletasenred.sport.es\/wp-json\/wp\/v2\/posts\/50378\/revisions"}],"wp:featuredmedia":[{"embeddable":true,"href":"https:\/\/miurltemporal.com/main/triatletasenred.sport.es\/wp-json\/wp\/v2\/media\/42008"}],"wp:attachment":[{"href":"https:\/\/miurltemporal.com/main/triatletasenred.sport.es\/wp-json\/wp\/v2\/media?parent=50378"}],"wp:term":[{"taxonomy":"category","embeddable":true,"href":"https:\/\/miurltemporal.com/main/triatletasenred.sport.es\/wp-json\/wp\/v2\/categories?post=50378"},{"taxonomy":"post_tag","embeddable":true,"href":"https:\/\/miurltemporal.com/main/triatletasenred.sport.es\/wp-json\/wp\/v2\/tags?post=50378"}],"curies":[{"name":"wp","href":"https:\/\/api.w.org\/{rel}","templated":true}]}}