{"id":50261,"date":"2017-03-06T17:59:49","date_gmt":"2017-03-06T15:59:49","guid":{"rendered":"http:\/\/triatletasenred.com\/?p=50261"},"modified":"2017-03-07T08:18:01","modified_gmt":"2017-03-07T06:18:01","slug":"valencia-triathlon-series","status":"publish","type":"post","link":"https:\/\/miurltemporal.com/main/triatletasenred.sport.es\/actualidad\/valencia-triathlon-series\/","title":{"rendered":"Valencia, un estreno de lujo para el Santander Triathlon Series"},"content":{"rendered":"<h3 style=\"text-align: justify;\">Por segundo a\u00f1o consecutivo, la capital valenciana volver\u00e1 a abrir el mayor circuito de triatl\u00f3n popular del pa\u00eds con tres distancias y m\u00faltiples modalidades. A poco m\u00e1s de 2 meses para la cita, quedan pocos dorsales en distancia sprint.<\/h3>\n<p style=\"text-align: justify;\">El circuito pasar\u00e1 por Catalunya, Pa\u00eds Vasco, Madrid, Islas Baleares, Andaluc\u00eda y Asturias. Pero se estrenar\u00e1 en la Comunidad Valenciana. El <strong>13 de mayo<\/strong> en la capital del Turia centenares de triatletas podr\u00e1n volver a disfrutar del triatl\u00f3n en el popular Santander Triathlon Series.<\/p>\n<p style=\"text-align: justify;\"><img fetchpriority=\"high\" decoding=\"async\" class=\"alignleft \" src=\"http:\/\/www.santandertriathlonseries.com\/fotos\/fotosvalencia\/13.jpg\" width=\"377\" height=\"251\" \/>Segunda edici\u00f3n del\u00a0Triatl\u00f3 del Mar\u00edtim, que arrancar\u00e1 en la <strong>Playa de\u00a0La Malvarrosa<\/strong> con tres distancias disponibles: super sprint, sprint y ol\u00edmpica. Y como es habitual en este circuito, con diferentes\u00a0modalidades a elegir: individual,\u00a0en parejas o por relevos.<\/p>\n<p style=\"text-align: justify;\">Tras la nataci\u00f3n en la c\u00e9lebre Playa valenciana, los participantes realizar\u00e1n un circuito de ciclismo completamente llano, amplio y seguro. Por \u00faltimo, les tocar\u00e1 correr en el Paseo Mar\u00edtimo, donde tambi\u00e9n estar\u00e1 situada la colorida meta.<\/p>\n<p style=\"text-align: justify;\">De hecho, la cita abri\u00f3 inscripciones el pasado mes de febrero y ha contado con una gran acogida, especialmente en la distancia intermedia. Si quieres correr en Valencia el triatl\u00f3n sprint no te duermas porque apenas quedan <strong>200 dorsales libres<\/strong>.<\/p>\n<p style=\"text-align: justify;\">Cu\u00e9lgate tu dorsal\u00a0en una de las grandes ciudades del pa\u00eds. Empieza tu temporada en Valencia de la mano del Santander Triathlon Series.<\/p>\n<p style=\"text-align: justify;\"><a class=\"vc_btn vc_btn-black vc_btn-sm vc_btn_square \" href=\"http:\/\/www.santandertriathlonseries.com\/valencia\/index.php\" rel=\"nofollow noopener\" target=\"_blank\">Web del Santander Triathlon Series Valencia<\/a><\/p>\n","protected":false},"excerpt":{"rendered":"<p>Por segundo a\u00f1o consecutivo, la capital valenciana volver\u00e1 a abrir el mayor circuito de triatl\u00f3n popular del pa\u00eds con tres distancias y m\u00faltiples modalidades. A poco m\u00e1s de 2 meses para la cita, quedan pocos dorsales en distancia sprint. El circuito pasar\u00e1 por Catalunya, Pa\u00eds Vasco, Madrid, Islas Baleares, Andaluc\u00eda y Asturias. Pero se estrenar\u00e1 [&hellip;]<\/p>\n","protected":false},"author":23,"featured_media":50262,"comment_status":"closed","ping_status":"closed","sticky":false,"template":"","format":"standard","meta":{"_acf_changed":false,"rank_math_lock_modified_date":false,"footnotes":""},"categories":[17],"tags":[450,1080],"class_list":{"0":"post-50261","1":"post","2":"type-post","3":"status-publish","4":"format-standard","5":"has-post-thumbnail","7":"category-actualidad","8":"tag-triathlon-series","9":"tag-valencia"},"acf":[],"_links":{"self":[{"href":"https:\/\/miurltemporal.com/main/triatletasenred.sport.es\/wp-json\/wp\/v2\/posts\/50261"}],"collection":[{"href":"https:\/\/miurltemporal.com/main/triatletasenred.sport.es\/wp-json\/wp\/v2\/posts"}],"about":[{"href":"https:\/\/miurltemporal.com/main/triatletasenred.sport.es\/wp-json\/wp\/v2\/types\/post"}],"author":[{"embeddable":true,"href":"https:\/\/miurltemporal.com/main/triatletasenred.sport.es\/wp-json\/wp\/v2\/users\/23"}],"replies":[{"embeddable":true,"href":"https:\/\/miurltemporal.com/main/triatletasenred.sport.es\/wp-json\/wp\/v2\/comments?post=50261"}],"version-history":[{"count":0,"href":"https:\/\/miurltemporal.com/main/triatletasenred.sport.es\/wp-json\/wp\/v2\/posts\/50261\/revisions"}],"wp:featuredmedia":[{"embeddable":true,"href":"https:\/\/miurltemporal.com/main/triatletasenred.sport.es\/wp-json\/wp\/v2\/media\/50262"}],"wp:attachment":[{"href":"https:\/\/miurltemporal.com/main/triatletasenred.sport.es\/wp-json\/wp\/v2\/media?parent=50261"}],"wp:term":[{"taxonomy":"category","embeddable":true,"href":"https:\/\/miurltemporal.com/main/triatletasenred.sport.es\/wp-json\/wp\/v2\/categories?post=50261"},{"taxonomy":"post_tag","embeddable":true,"href":"https:\/\/miurltemporal.com/main/triatletasenred.sport.es\/wp-json\/wp\/v2\/tags?post=50261"}],"curies":[{"name":"wp","href":"https:\/\/api.w.org\/{rel}","templated":true}]}}