{"id":50107,"date":"2017-02-27T11:43:21","date_gmt":"2017-02-27T09:43:21","guid":{"rendered":"http:\/\/triatletasenred.com\/?p=50107"},"modified":"2017-02-27T11:46:31","modified_gmt":"2017-02-27T09:46:31","slug":"cesc-godoy-dolca-olle-duatlon-castellar","status":"publish","type":"post","link":"https:\/\/miurltemporal.com/main/triatletasenred.sport.es\/actualidad\/cesc-godoy-dolca-olle-duatlon-castellar\/","title":{"rendered":"Cesc Godoy y Dol\u00e7a Oll\u00e9 vencen en la primera edici\u00f3n del Duatl\u00f3n de Castellar"},"content":{"rendered":"<h3>Siguen las competiciones de duatl\u00f3n en todo el territorio nacional y nuestras estrellas empiezan a mostrar ya los galones en lo que promete ser una gran temporada. En el duatl\u00f3n de Castellar el internacional Cesc Godoy y la actual campeona de Espa\u00f1a de Larga distancia Dol\u00e7a Oll\u00e9 se impusieron con cierta solvencia en una prueba de mucho nivel.<\/h3>\n<figure id=\"attachment_50108\" aria-describedby=\"caption-attachment-50108\" style=\"width: 252px\" class=\"wp-caption alignleft\"><a href=\"triatletasenred.com\"><img fetchpriority=\"high\" decoding=\"async\" class=\"wp-image-50108 size-medium\" src=\"https:\/\/miurltemporal.com/main/triatletasenred.sport.es\/wp-content\/uploads\/godoy-252x300.jpg\" width=\"252\" height=\"300\" srcset=\"https:\/\/miurltemporal.com/main/triatletasenred.sport.es\/wp-content\/uploads\/godoy-252x300.jpg 252w, https:\/\/miurltemporal.com/main/triatletasenred.sport.es\/wp-content\/uploads\/godoy-300x358.jpg 300w, https:\/\/miurltemporal.com/main/triatletasenred.sport.es\/wp-content\/uploads\/godoy-67x80.jpg 67w\" sizes=\"(max-width: 252px) 100vw, 252px\" \/><\/a><figcaption id=\"caption-attachment-50108\" class=\"wp-caption-text\">&#x1f4f7; Instagram Cesc Godoy<\/figcaption><\/figure>\n<p>Cesc Godoy volv\u00eda a competir y lo hac\u00eda en casa en una primera edici\u00f3n organizada por el club novel, el Dimension3 Club Triatl\u00f3, que puso todo el cari\u00f1o y las facilidades para que los duatletas disfrutaran de una aut\u00e9ntica matinal deportiva.<\/p>\n<p>Godoy se impuso\u00a0con m\u00e1s de un minuto de ventaja a Miquel Blanchart en parte gracias a un primer parcial espectacular en el que el nuevo fichaje del Fasttriatl\u00f3n sacaba una ventaja inicial de 20 segundos al bueno de Blanchart y m\u00e1s de un minuto al tercer clasificado en este primer parcial que fue Jaume Freijo.<\/p>\n<p>Cesc mostr\u00f3 su dominio absoluto en la prueba marcando el mejor parcial tambi\u00e9n en el sector ciclista y finalmente le sirvi\u00f3 un tramo final de 8:54 ( cuarto en el parcial) para imponerse con solvencia en la prueba. El segundo lugar fue para Miquel Banchart gracias a su gran \u00faltimo parcial en el que pudo remontar posiciones tras una buena bici y el tercer puesto del caj\u00f3n lo ocupaba Iv\u00e1n Limia.<\/p>\n<p>Tras la prueba Godoy publicaba en su cuenta en instagram : &#8221;\u00a0<em><strong><span title=\"Editado\">Feliz por volver a competir. Dejo atr\u00e1s meses en la sombra, recuperandome de un golpe en la rodilla del a\u00f1o pasado. No sab\u00eda cu\u00e1ndo volver\u00eda a ponerme un dorsal, cu\u00e1ndo no tendr\u00eda dolor. Ganar era lo de menos, quer\u00eda volver a sentirme triatleta. Hoy empieza mi 2017!&#8221;<\/span><\/strong><\/em><\/p>\n<figure style=\"width: 265px\" class=\"wp-caption alignright\"><img decoding=\"async\" class=\"\" src=\"https:\/\/scontent-frt3-1.xx.fbcdn.net\/v\/t31.0-8\/17015831_1872198379698083_1559158461449020481_o.jpg?oh=d417fd81c9f9a6d7cb04c5157dd48c3d&amp;oe=5930D8A3\" width=\"265\" height=\"213\" \/><figcaption class=\"wp-caption-text\">&#x1f4f7; Facebook Dol\u00e7a Oll\u00e9<\/figcaption><\/figure>\n<p>A igual que su compa\u00f1ero de club, en f\u00e9minas nuestra campeona de Espa\u00f1a de Larga Distancia se impuso con m\u00e1s de un minuto de ventaja en este duatl\u00f3 de Castellar. Tras un mal arranque en el primer parcial de carrera en el que se impuso Laia Conesa, Dol\u00e7a impuso su ley en el sector de bici y realiz\u00f3 igualmente el mejor tramo final en la categor\u00eda fem\u00e9nina para alzarse con el triunfo.<\/p>\n<p>Su compa\u00f1era de equipo, la atleta sub 23 Laia Conesa consigui\u00f3 el meritorio segundo puesto y el tercer lugar del caj\u00f3n fue para T\u00e1bita Caballero.<\/p>\n<p><em><strong>&#8220;Buenas sensaciones y contenta con el resultado, poco a poco vamos sumando buenos entrenos y eso me motiva, ya q este a\u00f1o tengo q buscar tiempo de debajo las piedras y a veces se me hace cuesta arriba!!&#8221;\u00a0<\/strong><\/em>Publicaba una satisfecha Dol\u00e7a Oll\u00e9 en sus redes sociales.<\/p>\n<p>En resumen, \u00a0un primer evento organizado por el\u00a0Dimension3 Club Triatl\u00f3 que deja un gran sabor de boca de cara a pr\u00f3ximas ediciones.<\/p>\n<p>&nbsp;<\/p>\n<p>&nbsp;<\/p>\n","protected":false},"excerpt":{"rendered":"<p>Siguen las competiciones de duatl\u00f3n en todo el territorio nacional y nuestras estrellas empiezan a mostrar ya los galones en lo que promete ser una gran temporada. En el duatl\u00f3n de Castellar el internacional Cesc Godoy y la actual campeona de Espa\u00f1a de Larga distancia Dol\u00e7a Oll\u00e9 se impusieron con cierta solvencia en una prueba [&hellip;]<\/p>\n","protected":false},"author":2,"featured_media":50109,"comment_status":"closed","ping_status":"closed","sticky":false,"template":"","format":"standard","meta":{"_acf_changed":false,"rank_math_lock_modified_date":false,"footnotes":""},"categories":[17,2033],"tags":[437,5405,2048,5406,5403,191,5404],"class_list":{"0":"post-50107","1":"post","2":"type-post","3":"status-publish","4":"format-standard","5":"has-post-thumbnail","7":"category-actualidad","8":"category-sport","9":"tag-cesc-godoy","10":"tag-dimension-triatlo","11":"tag-dolca-olle","12":"tag-duatlo-de-castellar","13":"tag-laia-conesa","14":"tag-miquel-blanchart","15":"tag-tabita-cabellero"},"acf":[],"_links":{"self":[{"href":"https:\/\/miurltemporal.com/main/triatletasenred.sport.es\/wp-json\/wp\/v2\/posts\/50107"}],"collection":[{"href":"https:\/\/miurltemporal.com/main/triatletasenred.sport.es\/wp-json\/wp\/v2\/posts"}],"about":[{"href":"https:\/\/miurltemporal.com/main/triatletasenred.sport.es\/wp-json\/wp\/v2\/types\/post"}],"author":[{"embeddable":true,"href":"https:\/\/miurltemporal.com/main/triatletasenred.sport.es\/wp-json\/wp\/v2\/users\/2"}],"replies":[{"embeddable":true,"href":"https:\/\/miurltemporal.com/main/triatletasenred.sport.es\/wp-json\/wp\/v2\/comments?post=50107"}],"version-history":[{"count":0,"href":"https:\/\/miurltemporal.com/main/triatletasenred.sport.es\/wp-json\/wp\/v2\/posts\/50107\/revisions"}],"wp:featuredmedia":[{"embeddable":true,"href":"https:\/\/miurltemporal.com/main/triatletasenred.sport.es\/wp-json\/wp\/v2\/media\/50109"}],"wp:attachment":[{"href":"https:\/\/miurltemporal.com/main/triatletasenred.sport.es\/wp-json\/wp\/v2\/media?parent=50107"}],"wp:term":[{"taxonomy":"category","embeddable":true,"href":"https:\/\/miurltemporal.com/main/triatletasenred.sport.es\/wp-json\/wp\/v2\/categories?post=50107"},{"taxonomy":"post_tag","embeddable":true,"href":"https:\/\/miurltemporal.com/main/triatletasenred.sport.es\/wp-json\/wp\/v2\/tags?post=50107"}],"curies":[{"name":"wp","href":"https:\/\/api.w.org\/{rel}","templated":true}]}}