{"id":50061,"date":"2017-02-22T20:11:25","date_gmt":"2017-02-22T18:11:25","guid":{"rendered":"http:\/\/triatletasenred.com\/?p=50061"},"modified":"2017-02-23T08:51:26","modified_gmt":"2017-02-23T06:51:26","slug":"delia-banus-unica-mujer-espanola-completar-ultraman-florida","status":"publish","type":"post","link":"https:\/\/miurltemporal.com/main/triatletasenred.sport.es\/entrevistas-triatlon\/delia-banus-unica-mujer-espanola-completar-ultraman-florida\/","title":{"rendered":"Delia Ban\u00fas, \u00fanica mujer espa\u00f1ola en completar el Ultraman Florida"},"content":{"rendered":"<h3>Tras un tiempo queri\u00e9ndose enfrentar a la distancia, con 36 a\u00f1os, la triatleta de Sitges se ha aventurado a cumplir el reto m\u00e1s may\u00fasculo de su trayectoria: el Ultraman de Florida. Delia Ban\u00fas se sincera tras completar la carrera en 29h 20\u2019 44\u2019\u2019: 27\u00aa de la general y 7\u00aa femenina.<\/h3>\n<h3><strong>Tres d\u00edas de intensa competici\u00f3n<\/strong><\/h3>\n<p>S\u00f3lo 45 afortunados se enfrentan a la distancia. El men\u00fa para el primer d\u00eda constaba de 10km de nataci\u00f3n, en los que la triatleta disfrut\u00f3 &#8220;much\u00edsimo&#8221; durante las 4h 03 que estuvo en el agua; y de 150km de ciclismo, que culmin\u00f3 con 5h 29\u2019. Un d\u00eda intenso a la vez que \u00fanico. Para Delia Ban\u00fas, &#8220;contemplar el amanecer desde el lago junto con mi t\u00edo, que era parte de mi\u00a0<em>crew<\/em>, fue espectacular, no se me olvidar\u00e1&#8221;.<\/p>\n<p>El segundo d\u00eda, espec\u00edfico de bici, con 275km con 1.100 metros de desnivel m\u00e1s por delante: Fue la confirmaci\u00f3n de que si se quiere, se puede. La triatleta iba &#8220;con respeto&#8221; a la distancia y con cierto miedo por si podr\u00eda acabar esta jornada. Al final, result\u00f3 ser muy disfrutada durante las 10h 06\u2019 que pedale\u00f3 sin cesar: \u201cFue una etapa muy, muy bonita\u201d, remarca la triatleta catalana. \u201cPasamos por sitios preciosos\u201d.<\/p>\n<figure id=\"attachment_50064\" aria-describedby=\"caption-attachment-50064\" style=\"width: 702px\" class=\"wp-caption aligncenter\"><img fetchpriority=\"high\" decoding=\"async\" class=\"wp-image-50064 size-main-full\" src=\"https:\/\/miurltemporal.com/main/triatletasenred.sport.es\/wp-content\/uploads\/delia-bike-ultraman-803x516.jpg\" width=\"702\" height=\"451\" \/><figcaption id=\"caption-attachment-50064\" class=\"wp-caption-text\">Foto: Facebook Delia Banus<\/figcaption><\/figure>\n<p>En la tercera y \u00faltima jornada tocaban 84km de carrera a pie. El cuerpo ya estaba cansado, pero la capacidad de querer llegar a meta pudo m\u00e1s que todo el cansancio y la fatiga acumulados. De todo lo que sucedi\u00f3, Delia recuerda con emoci\u00f3n \u201cel poder correr muchos kil\u00f3metros con mis compa\u00f1eros Marc y Juanlu\u201d. Pero no s\u00f3lo esto, sino que la triatleta estuvo acompa\u00f1ada y arropada en todo momento por su familia, su gran apoyo y motivaci\u00f3n: \u201cTener a mi familia a mi lado hasta los \u00faltimos kil\u00f3metros donde ya me encontraba muy mal y les dec\u00eda que no me dejaran fue de gran apoyo\u201d.<\/p>\n<p>Los <strong>\u00faltimos 5km\u00a0 de carrera<\/strong> \u201cfueron los m\u00e1s dif\u00edciles, pues mi cuerpo ya no estaba bien y estaba muy mareada sin ser capaz ya de comer ni beber; pero Judith se puso a correr conmigo y no me dejo hasta el final\u201d. Entrar en meta \u201cjunto con Diego y M\u00f3nica, mi crew, fue especial. Muy emocionante. All\u00ed nos esperaba mi t\u00edo y todos mis compa\u00f1eros\u201d. Se colg\u00f3 la medalla tras correr dos maratones en 9h 41\u2019 ese mismo d\u00eda.<\/p>\n<h3><strong>Pre-ultraman<\/strong><\/h3>\n<p>Del proceso de preparaci\u00f3n para el ULTRAMAN, la triatleta catalana reconoce que, \u201csin duda, lo que m\u00e1s me ha costado de entrenar y cre\u00eda que no llegaba bien preparada ha sido la bici. Fue dif\u00edcil sacar tantas horas para hacer tiradas tan largas y entrenar en invierno. Los d\u00edas de viento, fr\u00edo, lluvia complicaban la preparaci\u00f3n. Por otro lado, Delia ha continuado \u201cnadando en el mar durante los meses de invierno. En estos entrenamientos ha \u201caprendido a comer nadando y hacer tiradas largas en el mar, que me han hecho muy amenos los entrenos\u00b7.<\/p>\n<h3><strong>On board- El equipo<\/strong><\/h3>\n<p>Un ultraman no se hace\u2026 sin un equipo detr\u00e1s. Ban\u00fas explica que \u201cel equipo que corre contigo se encarga de todo, absolutamente todo, para que t\u00fa solo tengas que preocuparte de hacer la carrera. Ellos son todo. Se levantan antes que tu para prepararlo todo, cargan el coche con todo el material necesario; te ayudan en todo momento, te siguen durante la carrera y te gu\u00edan, te dan avituallamiento a cada momento y est\u00e1n para todo esos d\u00edas. Lo son todo\u201d.<\/p>\n<p>Estar en la l\u00ednea de salida de este Ultraman, disfrutarlo y acabarlo es \u201cun sue\u00f1o\u201d. La triatleta asegura que ha disfrutado \u201cde una experiencia incre\u00edble, compartida junto a la gente que quiero\u201d.<\/p>\n<p><img decoding=\"async\" class=\"aligncenter wp-image-50065 size-medium\" src=\"https:\/\/miurltemporal.com/main/triatletasenred.sport.es\/wp-content\/uploads\/delia-banus-ultraman-300x234.jpg\" width=\"300\" height=\"234\" srcset=\"https:\/\/miurltemporal.com/main/triatletasenred.sport.es\/wp-content\/uploads\/delia-banus-ultraman-300x234.jpg 300w, https:\/\/miurltemporal.com/main/triatletasenred.sport.es\/wp-content\/uploads\/delia-banus-ultraman-700x546.jpg 700w, https:\/\/miurltemporal.com/main/triatletasenred.sport.es\/wp-content\/uploads\/delia-banus-ultraman-768x599.jpg 768w, https:\/\/miurltemporal.com/main/triatletasenred.sport.es\/wp-content\/uploads\/delia-banus-ultraman-600x468.jpg 600w, https:\/\/miurltemporal.com/main/triatletasenred.sport.es\/wp-content\/uploads\/delia-banus-ultraman-80x62.jpg 80w, https:\/\/miurltemporal.com/main/triatletasenred.sport.es\/wp-content\/uploads\/delia-banus-ultraman.jpg 960w\" sizes=\"(max-width: 300px) 100vw, 300px\" \/><\/p>\n","protected":false},"excerpt":{"rendered":"<p>Tras un tiempo queri\u00e9ndose enfrentar a la distancia, con 36 a\u00f1os, la triatleta de Sitges se ha aventurado a cumplir el reto m\u00e1s may\u00fasculo de su trayectoria: el Ultraman de Florida. Delia Ban\u00fas se sincera tras completar la carrera en 29h 20\u2019 44\u2019\u2019: 27\u00aa de la general y 7\u00aa femenina. Tres d\u00edas de intensa competici\u00f3n [&hellip;]<\/p>\n","protected":false},"author":250,"featured_media":50063,"comment_status":"closed","ping_status":"closed","sticky":false,"template":"","format":"standard","meta":{"_acf_changed":false,"rank_math_lock_modified_date":false,"footnotes":""},"categories":[10],"tags":[4958,1027,631,461,549,229,5399],"class_list":{"0":"post-50061","1":"post","2":"type-post","3":"status-publish","4":"format-standard","5":"has-post-thumbnail","7":"category-entrevistas-triatlon","8":"tag-bike","9":"tag-delia-banus","10":"tag-run","11":"tag-swim","12":"tag-ultradistancia","13":"tag-ultraman","14":"tag-ultraman-florida"},"acf":[],"_links":{"self":[{"href":"https:\/\/miurltemporal.com/main/triatletasenred.sport.es\/wp-json\/wp\/v2\/posts\/50061"}],"collection":[{"href":"https:\/\/miurltemporal.com/main/triatletasenred.sport.es\/wp-json\/wp\/v2\/posts"}],"about":[{"href":"https:\/\/miurltemporal.com/main/triatletasenred.sport.es\/wp-json\/wp\/v2\/types\/post"}],"author":[{"embeddable":true,"href":"https:\/\/miurltemporal.com/main/triatletasenred.sport.es\/wp-json\/wp\/v2\/users\/250"}],"replies":[{"embeddable":true,"href":"https:\/\/miurltemporal.com/main/triatletasenred.sport.es\/wp-json\/wp\/v2\/comments?post=50061"}],"version-history":[{"count":0,"href":"https:\/\/miurltemporal.com/main/triatletasenred.sport.es\/wp-json\/wp\/v2\/posts\/50061\/revisions"}],"wp:featuredmedia":[{"embeddable":true,"href":"https:\/\/miurltemporal.com/main/triatletasenred.sport.es\/wp-json\/wp\/v2\/media\/50063"}],"wp:attachment":[{"href":"https:\/\/miurltemporal.com/main/triatletasenred.sport.es\/wp-json\/wp\/v2\/media?parent=50061"}],"wp:term":[{"taxonomy":"category","embeddable":true,"href":"https:\/\/miurltemporal.com/main/triatletasenred.sport.es\/wp-json\/wp\/v2\/categories?post=50061"},{"taxonomy":"post_tag","embeddable":true,"href":"https:\/\/miurltemporal.com/main/triatletasenred.sport.es\/wp-json\/wp\/v2\/tags?post=50061"}],"curies":[{"name":"wp","href":"https:\/\/api.w.org\/{rel}","templated":true}]}}