{"id":50011,"date":"2017-02-20T05:17:17","date_gmt":"2017-02-20T03:17:17","guid":{"rendered":"http:\/\/triatletasenred.com\/?p=50011"},"modified":"2017-02-20T13:06:20","modified_gmt":"2017-02-20T11:06:20","slug":"jesus-gomar-y-davinia-albinyana","status":"publish","type":"post","link":"https:\/\/miurltemporal.com/main/triatletasenred.sport.es\/en-red\/jesus-gomar-y-davinia-albinyana\/","title":{"rendered":"Jes\u00fas Gomar y Davinia Albinyana campeones de duatl\u00f3n sprint de la C.Valenciana"},"content":{"rendered":"<h3>Vila-real acog\u00eda ayer en su duatl\u00f3n sprint el campeonato auton\u00f3mico 2017 con m\u00e1s de \u00a0300 inscritos para optar a los t\u00edtulos de campeones de la Comunidad Valenciana en grupos de edad.<\/h3>\n<p>En categor\u00eda masculina el atleta internacional <strong>Jes\u00fas Gomar<\/strong> se impuso con un tiempo final d e 55 minutos y 20 segundos en los que completo los recorridos (5-20-2,5) de los que constaba esta prueba de formato sprint. Su compa\u00f1ero de equipo <strong>Lassa Luhrs<\/strong> entraba atan solo 5 segundos y el tercer puesto lo consigui\u00f3 <strong>Celestino Fern\u00e1ndez<\/strong> imponiendose al resto de candidatos al podio en la carrera a pie final.<\/p>\n<p><img fetchpriority=\"high\" decoding=\"async\" class=\"aligncenter  wp-image-50024\" src=\"https:\/\/miurltemporal.com/main/triatletasenred.sport.es\/wp-content\/uploads\/p\u00f3diummasculino.jpg\" alt=\"\" width=\"525\" height=\"350\" srcset=\"https:\/\/miurltemporal.com/main/triatletasenred.sport.es\/wp-content\/uploads\/p\u00f3diummasculino.jpg 760w, https:\/\/miurltemporal.com/main/triatletasenred.sport.es\/wp-content\/uploads\/p\u00f3diummasculino-700x467.jpg 700w, https:\/\/miurltemporal.com/main/triatletasenred.sport.es\/wp-content\/uploads\/p\u00f3diummasculino-300x200.jpg 300w, https:\/\/miurltemporal.com/main/triatletasenred.sport.es\/wp-content\/uploads\/p\u00f3diummasculino-600x400.jpg 600w, https:\/\/miurltemporal.com/main/triatletasenred.sport.es\/wp-content\/uploads\/p\u00f3diummasculino-80x53.jpg 80w\" sizes=\"(max-width: 525px) 100vw, 525px\" \/>En categor\u00eda femenina <strong>Davinia Albinyana<\/strong> junto a <strong>Noelia Juan y\u00a0 Jana Korade<\/strong>j consiguieron una ventaja significativa en la carrera a pie que les permiti\u00f3 dominar las 4 vueltas de ciclismo, destacable en este sector la actuaci\u00f3n de Jana Koradej en cabeza durante casi todo el sector y que, a la postre pagar\u00eda caro. En el tramo de carrera a pie se decidi\u00f3 el podio final con Albinyana al frente, y campeona auton\u00f3mica con un crono final de 1 hora 6 minutos y doce segundos. 11 segundos m\u00e1s tarde entraba en meta\u00a0Noelia Juan y unos minutos m\u00e1s tarde Jana Koradej.<\/p>\n<p>&nbsp;<\/p>\n<p>&nbsp;<\/p>\n","protected":false},"excerpt":{"rendered":"<p>Vila-real acog\u00eda ayer en su duatl\u00f3n sprint el campeonato auton\u00f3mico 2017 con m\u00e1s de \u00a0300 inscritos para optar a los t\u00edtulos de campeones de la Comunidad Valenciana en grupos de edad. En categor\u00eda masculina el atleta internacional Jes\u00fas Gomar se impuso con un tiempo final d e 55 minutos y 20 segundos en los que [&hellip;]<\/p>\n","protected":false},"author":2,"featured_media":50022,"comment_status":"closed","ping_status":"closed","sticky":false,"template":"","format":"standard","meta":{"_acf_changed":false,"rank_math_lock_modified_date":false,"footnotes":""},"categories":[16],"tags":[5390,2219,980,1080],"class_list":{"0":"post-50011","1":"post","2":"type-post","3":"status-publish","4":"format-standard","5":"has-post-thumbnail","7":"category-en-red","8":"tag-davinia-albinyana","9":"tag-jesus-gomar","10":"tag-sprint","11":"tag-valencia"},"acf":[],"_links":{"self":[{"href":"https:\/\/miurltemporal.com/main/triatletasenred.sport.es\/wp-json\/wp\/v2\/posts\/50011"}],"collection":[{"href":"https:\/\/miurltemporal.com/main/triatletasenred.sport.es\/wp-json\/wp\/v2\/posts"}],"about":[{"href":"https:\/\/miurltemporal.com/main/triatletasenred.sport.es\/wp-json\/wp\/v2\/types\/post"}],"author":[{"embeddable":true,"href":"https:\/\/miurltemporal.com/main/triatletasenred.sport.es\/wp-json\/wp\/v2\/users\/2"}],"replies":[{"embeddable":true,"href":"https:\/\/miurltemporal.com/main/triatletasenred.sport.es\/wp-json\/wp\/v2\/comments?post=50011"}],"version-history":[{"count":0,"href":"https:\/\/miurltemporal.com/main/triatletasenred.sport.es\/wp-json\/wp\/v2\/posts\/50011\/revisions"}],"wp:featuredmedia":[{"embeddable":true,"href":"https:\/\/miurltemporal.com/main/triatletasenred.sport.es\/wp-json\/wp\/v2\/media\/50022"}],"wp:attachment":[{"href":"https:\/\/miurltemporal.com/main/triatletasenred.sport.es\/wp-json\/wp\/v2\/media?parent=50011"}],"wp:term":[{"taxonomy":"category","embeddable":true,"href":"https:\/\/miurltemporal.com/main/triatletasenred.sport.es\/wp-json\/wp\/v2\/categories?post=50011"},{"taxonomy":"post_tag","embeddable":true,"href":"https:\/\/miurltemporal.com/main/triatletasenred.sport.es\/wp-json\/wp\/v2\/tags?post=50011"}],"curies":[{"name":"wp","href":"https:\/\/api.w.org\/{rel}","templated":true}]}}