{"id":49924,"date":"2017-02-14T12:10:09","date_gmt":"2017-02-14T10:10:09","guid":{"rendered":"http:\/\/triatletasenred.com\/?p=49924"},"modified":"2017-02-16T02:07:56","modified_gmt":"2017-02-16T00:07:56","slug":"la-iv-marcha-cicloturista-ruta-minera-se-presenta-importantes-novedades","status":"publish","type":"post","link":"https:\/\/miurltemporal.com/main/triatletasenred.sport.es\/cicloturismo\/la-iv-marcha-cicloturista-ruta-minera-se-presenta-importantes-novedades\/","title":{"rendered":"&#x1f6b5; La IV Marcha cicloturista Ruta Minera se presenta con importantes novedades"},"content":{"rendered":"<h3 class=\"p1\"><span class=\"s1\">El pr\u00f3ximo <b>16 de julio de 2017<\/b> se celebrar\u00e1 la <b>IV Ruta Minera<\/b>, la marcha cicloturista de <b>Berga<\/b> (Barcelona). La prueba transcurre por la antigua zona minera del Alt Bergued\u00e0 y es conocida por ser la \u00fanica marcha cicloturista que asciende el <b>coll de Pradell<\/b>, famoso por su rampa de 500m al 20%.<\/span><\/h3>\n<p class=\"p1\"><span class=\"s1\">En esta cuarta edici\u00f3n la organizaci\u00f3n ha introducido importantes novedades para poder acercar la experiencia de la Ruta Minera a ciclistas con diferentes niveles de preparaci\u00f3n o estado de forma.<\/span><\/p>\n<p class=\"p1\"><span class=\"s1\"><img decoding=\"async\" class=\"alignright \" src=\"http:\/\/www.larutaminera.org\/wp-content\/uploads\/Curta.png\" width=\"238\" height=\"155\" \/>La principal novedad ser\u00e1 la incorporaci\u00f3n de una <b>Marcha Corta <\/b>de <b>116km<\/b> y <b>2800m<\/b> de desnivel acumulado. Esta marcha comparte recorrido con la marcha tradicional pero no asciende el coll de Pradell. La intenci\u00f3n de la organizaci\u00f3n es dar a conocer el territorio cl\u00e1sico de la Ruta Minera con un recorrido algo m\u00e1s asequible, pero igual de atractivo, que puede satisfacer las necesidades de cualquier ciclista<\/span><\/p>\n<p class=\"p1\"><span class=\"s1\"><img decoding=\"async\" class=\"alignleft \" src=\"http:\/\/www.larutaminera.org\/wp-content\/uploads\/Llarga.png\" width=\"233\" height=\"142\" \/>La <b>Marcha Larga<\/b> mantiene pr\u00e1cticamente el recorrido de las tres primeras ediciones, con alguna ligera modificaci\u00f3n en su parte final. Destaca el ascenso al coll de Pradell por una nueva vertiente, la de <b>Vallcebre<\/b>, que tambi\u00e9n incluye la rampa del 20%. <b>154km<\/b> y <b>3800m<\/b>\u00a0de desnivel acumulado para una experiencia <b>100% Minera<\/b>.<\/span><\/p>\n<p class=\"p1\"><span class=\"s1\">El recorrido se sit\u00faa en pleno Prepirineo catal\u00e1n, en la zona alrededor del emblem\u00e1tico monte <b>Pedraforca<\/b>. Un total de cinco puertos de monta\u00f1a por carreteras con muy baja densidad de tr\u00e1fico y un sorprendente y espectacular paisaje de alta monta\u00f1a a poco m\u00e1s de 100km de la ciudad de Barcelona.<\/span><\/p>\n<p class=\"p1\"><span class=\"s2\">Las inscripciones ya est\u00e1n abiertas desde el pasado 15 de enero<\/span><span class=\"s1\"> y el n\u00famero de participantes est\u00e1 limitado a 1.000 ciclistas, repartidos equitativamente entre las dos marchas. El per\u00edodo de inscripci\u00f3n a precio reducido (33\u20ac) acabar\u00e1 el domingo <b>19 de marzo<\/b>, momento a partir del cual se iniciar\u00e1 el per\u00edodo de inscripci\u00f3n normal (38\u20ac). Las inscripciones se cerrar\u00e1n el domingo <b>9 de julio<\/b>.<\/span><\/p>\n<p class=\"p1\"><a class=\"vc_btn vc_btn-default vc_btn-sm vc_btn_square \" href=\"http:\/\/www.larutaminera.org\" rel=\"nofollow noopener\" target=\"_blank\">WEB OFICIAL <\/a><\/p>\n","protected":false},"excerpt":{"rendered":"<p>El pr\u00f3ximo 16 de julio de 2017 se celebrar\u00e1 la IV Ruta Minera, la marcha cicloturista de Berga (Barcelona). La prueba transcurre por la antigua zona minera del Alt Bergued\u00e0 y es conocida por ser la \u00fanica marcha cicloturista que asciende el coll de Pradell, famoso por su rampa de 500m al 20%. En esta [&hellip;]<\/p>\n","protected":false},"author":2,"featured_media":49925,"comment_status":"closed","ping_status":"closed","sticky":false,"template":"","format":"standard","meta":{"_acf_changed":false,"rank_math_lock_modified_date":false,"footnotes":""},"categories":[2833],"tags":[1990,2063,5375,5376],"class_list":{"0":"post-49924","1":"post","2":"type-post","3":"status-publish","4":"format-standard","5":"has-post-thumbnail","7":"category-cicloturismo","8":"tag-catalunya","9":"tag-cicloturismo","10":"tag-ruta-minera-2017","11":"tag-ruta-minera-inscripcion"},"acf":[],"_links":{"self":[{"href":"https:\/\/miurltemporal.com/main/triatletasenred.sport.es\/wp-json\/wp\/v2\/posts\/49924"}],"collection":[{"href":"https:\/\/miurltemporal.com/main/triatletasenred.sport.es\/wp-json\/wp\/v2\/posts"}],"about":[{"href":"https:\/\/miurltemporal.com/main/triatletasenred.sport.es\/wp-json\/wp\/v2\/types\/post"}],"author":[{"embeddable":true,"href":"https:\/\/miurltemporal.com/main/triatletasenred.sport.es\/wp-json\/wp\/v2\/users\/2"}],"replies":[{"embeddable":true,"href":"https:\/\/miurltemporal.com/main/triatletasenred.sport.es\/wp-json\/wp\/v2\/comments?post=49924"}],"version-history":[{"count":0,"href":"https:\/\/miurltemporal.com/main/triatletasenred.sport.es\/wp-json\/wp\/v2\/posts\/49924\/revisions"}],"wp:featuredmedia":[{"embeddable":true,"href":"https:\/\/miurltemporal.com/main/triatletasenred.sport.es\/wp-json\/wp\/v2\/media\/49925"}],"wp:attachment":[{"href":"https:\/\/miurltemporal.com/main/triatletasenred.sport.es\/wp-json\/wp\/v2\/media?parent=49924"}],"wp:term":[{"taxonomy":"category","embeddable":true,"href":"https:\/\/miurltemporal.com/main/triatletasenred.sport.es\/wp-json\/wp\/v2\/categories?post=49924"},{"taxonomy":"post_tag","embeddable":true,"href":"https:\/\/miurltemporal.com/main/triatletasenred.sport.es\/wp-json\/wp\/v2\/tags?post=49924"}],"curies":[{"name":"wp","href":"https:\/\/api.w.org\/{rel}","templated":true}]}}