{"id":49908,"date":"2017-02-12T13:38:23","date_gmt":"2017-02-12T11:38:23","guid":{"rendered":"http:\/\/triatletasenred.com\/?p=49908"},"modified":"2017-02-13T13:50:01","modified_gmt":"2017-02-13T11:50:01","slug":"triatlon-de-invierno-valle-de-anso","status":"publish","type":"post","link":"https:\/\/miurltemporal.com/main/triatletasenred.sport.es\/actualidad\/triatlon-de-invierno-valle-de-anso\/","title":{"rendered":"Joan Freixa y Laura Orgu\u00e9 vencen el XVII Triatl\u00f3n de Invierno Valle de Ans\u00f3"},"content":{"rendered":"<h3 class=\"p1\"><span class=\"s1\">(Fuente\u00a0&#8211; Federaci\u00f3n Aragonesa de Triatl\u00f3n) Un circuito de esqu\u00ed en un estado excepcional, con mucha nieve y de calidad. Meteorolog\u00eda que, aunque incierta hasta el \u00faltimo momento, ha acompa\u00f1ado y tan solo unas gotas antes de la salida, y un inc\u00f3modo vendaval, han intentado empa\u00f1ar la prueba, sin conseguirlo.<br \/>\n<\/span><\/h3>\n<p class=\"p1\"><span class=\"s1\"><br \/>\nA las 9:30 de la ma\u00f1ana se iniciaba la prueba, que por cuarto a\u00f1o consecutivo iba a puntuar para la Copa de Espa\u00f1a Trangoworld de Triatl\u00f3n de Invierno. Como viene siendo tradicional, se disputar\u00eda el Campeonato de Arag\u00f3n y tambi\u00e9n por cuarta edici\u00f3n, el Campeonato de Madrid. En primer lugar tomaban la salida los participantes federados masculinos, que son los que optan a puntuar en la Copa de Espa\u00f1a, y si son de alguna de las dos comunidades, a los respectivos campeonatos auton\u00f3micos. Dos minutos despu\u00e9s, iniciaban los chicos no federados, y poco despu\u00e9s, las 16 f\u00e9minas inscritas en la carrera.<\/span><\/p>\n<figure id=\"attachment_49911\" aria-describedby=\"caption-attachment-49911\" style=\"width: 370px\" class=\"wp-caption alignright\"><img fetchpriority=\"high\" decoding=\"async\" class=\" wp-image-49911\" src=\"https:\/\/miurltemporal.com/main/triatletasenred.sport.es\/wp-content\/uploads\/triatlon-invierno2.jpg\" alt=\"\" width=\"370\" height=\"247\" srcset=\"https:\/\/miurltemporal.com/main/triatletasenred.sport.es\/wp-content\/uploads\/triatlon-invierno2.jpg 700w, https:\/\/miurltemporal.com/main/triatletasenred.sport.es\/wp-content\/uploads\/triatlon-invierno2-300x200.jpg 300w, https:\/\/miurltemporal.com/main/triatletasenred.sport.es\/wp-content\/uploads\/triatlon-invierno2-600x400.jpg 600w, https:\/\/miurltemporal.com/main/triatletasenred.sport.es\/wp-content\/uploads\/triatlon-invierno2-80x53.jpg 80w\" sizes=\"(max-width: 370px) 100vw, 370px\" \/><figcaption id=\"caption-attachment-49911\" class=\"wp-caption-text\">&#x1f4f7;\u00a0zaragozaweb.com<\/figcaption><\/figure>\n<p class=\"p3\"><span class=\"s1\">Las tres vueltas al circuito urbano, con un total de 7.500 metros, comienzan a marcar las primeras diferencias.<strong> Joan Freixa<\/strong> (Cerrr Igualada), marcaba el mejor parcial con 24:41. Tras \u00e9l, <strong>Fernando Zorrilla<\/strong> (Stadium Casablanca), <strong>Pello Osoro<\/strong> (Delteco Eibar Triatloi Taldea), <strong>Alberto Barberena<\/strong> (CD Erreka Ke) y <strong>Jonatan Chavarr\u00edas<\/strong> (Club Triatl\u00f3n Europa). <strong>Laura Orgu\u00e9<\/strong> (Cerrr Igualada) ser\u00eda la primera en coger la bicicleta tras marcar 29 minutos justos en la carrera a pie. <strong>Ana Revilla<\/strong> (Stadium Casablanca), quien ser\u00eda la segunda en iniciar la subida a Linza, perder\u00eda 2 minutos con ella en la transici\u00f3n, y <strong>Enara Oronoz<\/strong> (licencia de un d\u00eda) a\u00fan perder\u00eda otro minuto y medio m\u00e1s.<\/span><\/p>\n<p class=\"p3\"><span class=\"s1\">Tras la transici\u00f3n se iba a iniciar un segmento de ciclismo que estar\u00eda favorecido por el viento de sur, aunque las rachas intermitentes tambi\u00e9n incomodar\u00edan a los triatletas. Freixa y Pello Osoro, quien realizaba el mejor tiempo en la bici (46:39), entraban juntos en la transici\u00f3n. Txomin Osoro (Delteco Eibar Triatloi Taldea) ser\u00eda el tercero en Linza y tras \u00e9l, Jes\u00fas Garc\u00eda Col\u00e1s (Duatl\u00f3n Foncasa Calatayud) y Jonatan Chavarr\u00edas. Entre las chicas, Laura Orgu\u00e9 segu\u00eda aumentando su renta, volviendo a hacer el mejor parcial. Ana Revilla y Enara Oronoz manten\u00edan las posiciones, segunda y tercera, respectivamente.<\/span><\/p>\n<p class=\"p3\"><span class=\"s1\"><strong>Joan Freixa<\/strong> aumentaba la renta con sus inmediatos perseguidores, y no necesitar\u00eda realizar el mejor parcial de esqu\u00ed para proclamarse vencedor de este <strong>XVII Triatl\u00f3n de Invierno Valle de Ans\u00f3<\/strong>, mejorando en un puesto lo logrado el a\u00f1o pasado, y sumar sus primeros y valiosos puntos para la Copa de Espa\u00f1a. A tan solo 37 segundos entraba <strong>Pello Osoro<\/strong>, segundo en la prueba y en la Copa de Espa\u00f1a, lo que le permite liderar la clasificaci\u00f3n del circuito, tras su resultado en Vinuesa \u2013 Santa In\u00e9s. Por su parte, <strong>Jes\u00fas Garc\u00eda Col\u00e1s<\/strong> remontaba un puesto en el esqu\u00ed y sub\u00eda al tercer escal\u00f3n del podio, proclam\u00e1ndose a su vez Campe\u00f3n de Arag\u00f3n de Triatl\u00f3n de Invierno.<\/span><\/p>\n<p class=\"p3\"><span class=\"s1\"><strong>Laura Orgu\u00e9<\/strong>, aunque contaba con una considerable ventaja, no se tomar\u00eda el esqu\u00ed de fondo como un tr\u00e1mite y demostrar\u00eda porqu\u00e9 es diploma ol\u00edmpico en esta modalidad en los <strong>Juegos Ol\u00edmpicos de Sochi<\/strong>, realizando el mejor parcial del segmento, superando a todos los chicos. <strong>Enara Oronoz<\/strong> superar\u00eda la diferencia que ten\u00eda con<strong> Ana Revilla<\/strong> al inicio del segmento, merced a su mejor t\u00e9cnica de esqu\u00ed, logrando la segunda plaza del podio de la prueba. Al no contar con licencia de triatl\u00f3n no podr\u00eda puntuar para la Copa de Espa\u00f1a, sumando Revilla los puntos como segunda, que sumados a los obtenidos a los conseguidos en Vinuesa, le permite continuar liderando la Copa de Espa\u00f1a, adem\u00e1s de proclamarse Campeona de Arag\u00f3n de la modalidad. <strong>Amalia Grobas<\/strong> (Uno Publicidad Tragaleguas), cuarta en meta, subir\u00eda como tercera al podio de la Copa.<\/span><\/p>\n<figure id=\"attachment_49910\" aria-describedby=\"caption-attachment-49910\" style=\"width: 320px\" class=\"wp-caption alignleft\"><img decoding=\"async\" class=\"size-full wp-image-49910\" src=\"https:\/\/miurltemporal.com/main/triatletasenred.sport.es\/wp-content\/uploads\/triatlon-invierno3.jpg\" alt=\"\" width=\"320\" height=\"316\" srcset=\"https:\/\/miurltemporal.com/main/triatletasenred.sport.es\/wp-content\/uploads\/triatlon-invierno3.jpg 320w, https:\/\/miurltemporal.com/main/triatletasenred.sport.es\/wp-content\/uploads\/triatlon-invierno3-100x100.jpg 100w, https:\/\/miurltemporal.com/main/triatletasenred.sport.es\/wp-content\/uploads\/triatlon-invierno3-300x296.jpg 300w, https:\/\/miurltemporal.com/main/triatletasenred.sport.es\/wp-content\/uploads\/triatlon-invierno3-80x80.jpg 80w\" sizes=\"(max-width: 320px) 100vw, 320px\" \/><figcaption id=\"caption-attachment-49910\" class=\"wp-caption-text\">&#x1f4f7; zaragozaweb.com<\/figcaption><\/figure>\n<p class=\"p3\"><span class=\"s1\">En el Campeonato de Arag\u00f3n, junto a Garc\u00eda Col\u00e1s, el podio lo completar\u00edan <strong>Jonatan Chavarr\u00edas<\/strong>, segundo, y <strong>Nacho Ara<\/strong> (Duatl\u00f3n Foncasa Calatayud), tercera. En categor\u00eda femenina, tras <strong>Revilla, Ester Bitri\u00e1n<\/strong> (Mayencos Brico-Jaca Triatl\u00f3n) se proclamar\u00eda Subcampeona de Arag\u00f3n y <strong>Teresa Ayala<\/strong> conseguir\u00eda el bronce.<\/span><\/p>\n<p class=\"p3\"><span class=\"s1\">El podio del Campeonato de Madrid quedar\u00eda con <strong>David Cancela<\/strong> (Perlas Triatl\u00f3n Colmenar Viejo) oro, <strong>Jaime Guti\u00e9rrez<\/strong> (A.D. Ecosport Triatlon Alcobendas) plata y<strong> Juan Carlos de Pablo<\/strong> (Perlas Triatl\u00f3n Colmenar Viejo) bronce, en categor\u00eda masculina, mientras que entre las f\u00e9minas quedar\u00eda Amalia Grobas (Uno Publicidad Tragaleguas) como oro, <strong>Mar\u00eda Isabel Fern\u00e1ndez<\/strong> (Triatl\u00f3n Claver\u00eda M\u00f3stoles) plata y <strong>Mar\u00eda Elena L\u00f3pez<\/strong> (Uno Publicidad Tragaleguas) bronce.<\/span><\/p>\n<p class=\"p3\"><span class=\"s1\">En resumen, un gran d\u00eda de triatl\u00f3n de invierno, todo un espect\u00e1culo que ha permitido disfrutar una vez m\u00e1s de una apasionante modalidad en un entorno m\u00e1gico. Todo ello no habr\u00eda sido posible sin el apoyo de la Comarca de la Jacetania, el patrocinio de Movistar y Trangoworld, y la colaboraci\u00f3n de Brico-Jaca, Barrab\u00e9s, Talleres Jaca, Zona Verde, Cruz Roja, Protecci\u00f3n Civil Jacetania, Guardia Civil de Tr\u00e1fico y la patrulla de protecci\u00f3n ciudadana del puesto de la Guardia Civil de Ans\u00f3.<\/span><\/p>\n<p class=\"p3\"><span class=\"s1\">MAYENCOS BRICO JACA TRIATL\u00d3N<\/span><\/p>\n<p class=\"p5\"><span class=\"s2\">Fotograf\u00edas:\u00a0<a href=\"http:\/\/www.zaragozaweb.com\/\" rel=\"nofollow noopener\" target=\"_blank\"><span class=\"s3\">www.zaragozaweb.com<\/span><\/a><\/span><\/p>\n","protected":false},"excerpt":{"rendered":"<p>(Fuente\u00a0&#8211; Federaci\u00f3n Aragonesa de Triatl\u00f3n) Un circuito de esqu\u00ed en un estado excepcional, con mucha nieve y de calidad. Meteorolog\u00eda que, aunque incierta hasta el \u00faltimo momento, ha acompa\u00f1ado y tan solo unas gotas antes de la salida, y un inc\u00f3modo vendaval, han intentado empa\u00f1ar la prueba, sin conseguirlo. A las 9:30 de la ma\u00f1ana [&hellip;]<\/p>\n","protected":false},"author":2,"featured_media":49909,"comment_status":"closed","ping_status":"closed","sticky":false,"template":"","format":"standard","meta":{"_acf_changed":false,"rank_math_lock_modified_date":false,"footnotes":""},"categories":[17],"tags":[5372,5374,2830,5373],"class_list":{"0":"post-49908","1":"post","2":"type-post","3":"status-publish","4":"format-standard","5":"has-post-thumbnail","7":"category-actualidad","9":"tag-copa-de-espana","10":"tag-triatlon-invierno","11":"tag-valle-de-anso"},"acf":[],"_links":{"self":[{"href":"https:\/\/miurltemporal.com/main/triatletasenred.sport.es\/wp-json\/wp\/v2\/posts\/49908"}],"collection":[{"href":"https:\/\/miurltemporal.com/main/triatletasenred.sport.es\/wp-json\/wp\/v2\/posts"}],"about":[{"href":"https:\/\/miurltemporal.com/main/triatletasenred.sport.es\/wp-json\/wp\/v2\/types\/post"}],"author":[{"embeddable":true,"href":"https:\/\/miurltemporal.com/main/triatletasenred.sport.es\/wp-json\/wp\/v2\/users\/2"}],"replies":[{"embeddable":true,"href":"https:\/\/miurltemporal.com/main/triatletasenred.sport.es\/wp-json\/wp\/v2\/comments?post=49908"}],"version-history":[{"count":0,"href":"https:\/\/miurltemporal.com/main/triatletasenred.sport.es\/wp-json\/wp\/v2\/posts\/49908\/revisions"}],"wp:featuredmedia":[{"embeddable":true,"href":"https:\/\/miurltemporal.com/main/triatletasenred.sport.es\/wp-json\/wp\/v2\/media\/49909"}],"wp:attachment":[{"href":"https:\/\/miurltemporal.com/main/triatletasenred.sport.es\/wp-json\/wp\/v2\/media?parent=49908"}],"wp:term":[{"taxonomy":"category","embeddable":true,"href":"https:\/\/miurltemporal.com/main/triatletasenred.sport.es\/wp-json\/wp\/v2\/categories?post=49908"},{"taxonomy":"post_tag","embeddable":true,"href":"https:\/\/miurltemporal.com/main/triatletasenred.sport.es\/wp-json\/wp\/v2\/tags?post=49908"}],"curies":[{"name":"wp","href":"https:\/\/api.w.org\/{rel}","templated":true}]}}