{"id":49894,"date":"2017-02-15T06:53:01","date_gmt":"2017-02-15T04:53:01","guid":{"rendered":"http:\/\/triatletasenred.com\/?p=49894"},"modified":"2017-02-15T08:33:53","modified_gmt":"2017-02-15T06:33:53","slug":"transporte-seguro-bicicleta","status":"publish","type":"post","link":"https:\/\/miurltemporal.com/main/triatletasenred.sport.es\/en-red\/transporte-seguro-bicicleta\/","title":{"rendered":"\u00bfExiste un transporte profesional y seguro para tu bicicleta?"},"content":{"rendered":"<h3>Las redes sociales, tanto de amateurs como de profesionales, han constatado lamentablemente que el transporte de nuestras bicicletas (joyas) no es tarea f\u00e1cil y menos si queremos evitarnos problemas y hacerlo bajo unas garant\u00edas de seguridad.<\/h3>\n<p>En el mercado existen diferentes empresas de transporte que se han especializado en este servicio dado el auge del\u00a0ciclismo y el triatl\u00f3n. Hemos tomado como ejemplo y como referencia la empresa <a href=\"https:\/\/www.google.es\/url?sa=t&amp;rct=j&amp;q=&amp;esrc=s&amp;source=web&amp;cd=1&amp;cad=rja&amp;uact=8&amp;ved=0ahUKEwici_-Wro_SAhXiJcAKHXpfBfIQFggcMAA&amp;url=http%3A%2F%2Fbulletbike.bulletvan.com%2F&amp;usg=AFQjCNHIWbvgwB2PYlFYg30vZh0qpuHilQ&amp;sig2=YiNqRFToaPq0l5lYdC0i4w\" rel=\"nofollow noopener\" target=\"_blank\">BULLETBIKE,<\/a> entre otros motivos porque es una empresa que apoya al triatl\u00f3n apoyando\u00a0a algunos clubes y a nuestro Kaiser Eneko Llanos entre otros. Nos parece de d\u00e9bito devolverles una peque\u00f1a parte del favor con este modesto art\u00edculo.<\/p>\n<p><img fetchpriority=\"high\" decoding=\"async\" class=\"alignleft wp-image-49929\" src=\"https:\/\/miurltemporal.com/main/triatletasenred.sport.es\/wp-content\/uploads\/bulletbike.jpg\" alt=\"\" width=\"215\" height=\"287\" srcset=\"https:\/\/miurltemporal.com/main/triatletasenred.sport.es\/wp-content\/uploads\/bulletbike.jpg 336w, https:\/\/miurltemporal.com/main/triatletasenred.sport.es\/wp-content\/uploads\/bulletbike-225x300.jpg 225w, https:\/\/miurltemporal.com/main/triatletasenred.sport.es\/wp-content\/uploads\/bulletbike-300x400.jpg 300w, https:\/\/miurltemporal.com/main/triatletasenred.sport.es\/wp-content\/uploads\/bulletbike-60x80.jpg 60w\" sizes=\"(max-width: 215px) 100vw, 215px\" \/>El servicio de BulletBike es conciso. Recogen tu bicicleta en un punto previamente pactado de tu localidad la misma semana de tu competici\u00f3n si es posible y te la llevan a tu evento deportivo. \u00bfSuena f\u00e1cil verdad? Pues detr\u00e1s de este servicio existe una operativa log\u00edstica y legal algo m\u00e1s compleja que nos ha explicado<strong> Iciar Vieite<\/strong>, responsable de la empresa afincada en Vitoria.<\/p>\n<p>&#8220;Sabemos que nuestros clientes no van solo de vacaciones sino que van a competir, a poner en marcha toda su preparaci\u00f3n y su bicicleta es una herramienta imprescindible. Que llegue en condiciones \u00f3ptimas, m\u00e1s que un trabajo, es una obligaci\u00f3n para nosotros&#8221;<\/p>\n<p>Iciar comenta que adem\u00e1s de la log\u00edstica del transporte, en una furgoneta habilitada para ello con sus fijaciones y sus sistemas de protecci\u00f3n hay una parte legal, que no todas las empresas tienen al d\u00eda. &#8220;Las bicis que transportamos est\u00e1n aseguradas as\u00ed como los accesorios que transportamos, hay un protocolo legal y obligatorio para garantizar la profesionalidad, el servicio y cubrir al cliente en caso de alg\u00fan contratiempo, que puntualmente los hay&#8221;<\/p>\n<figure style=\"width: 296px\" class=\"wp-caption alignright\"><img decoding=\"async\" src=\"http:\/\/bulletbike.bulletvan.com\/imagenes\/BulletBike-Eneko.jpg\" width=\"296\" height=\"197\" \/><figcaption class=\"wp-caption-text\">Eneko Llanos Imagen de BulletBike<\/figcaption><\/figure>\n<p>En este punto hemos recogido el testimonio que nos hizo llegar \u00a0<strong>Montse Galvany<\/strong>, \u00a0conocida atleta de LD en Catalu\u00f1a que tuvo una experiencia desagradable con un final feliz. &#8220;Cuando recog\u00ed mi bicicleta me percat\u00e9 que la llanta de perfil estaba da\u00f1ada. Llam\u00e9 por tel\u00e9fono a BulletBike para comentar la situaci\u00f3n y del disgusto pas\u00e9 a la tranquilidad. Se hicieron cargo de todo y tuve un repuesto para mi bici en cuesti\u00f3n de d\u00edas&#8221;<\/p>\n<p>Una vez recogida la bici y asegurada en la furgoneta correspondiente, la entrega se realiza normalmente en la zona cercana a los Boxes del evento en cuesti\u00f3n. All\u00ed el conductor descarga las bicicletas con el cuidado que requiere la operaci\u00f3n y las entrega a los clientes en el horario fijado. Iciar nos comenta que siempre est\u00e1n alerta al tel\u00e9fono o a dudas de \u00faltima hora por si hubiera alg\u00fan contratiempo a solucionar.<\/p>\n<p>Una vez finalizado el evento, de nuevo el cliente se dirige con su bicicleta al punto de recogida para realizar el proceso inverso y recoger de nuevo la apreciada herramienta en tu lugar de origen.<\/p>\n<a class=\"vc_btn vc_btn-default vc_btn-sm vc_btn_square \" href=\"http:\/\/bulletbike.bulletvan.com\/\" rel=\"nofollow noopener\" target=\"_blank\">web BulletBike<\/a>\n<p><strong>Gracias a los testimonios que desinteresadamente me\u00a0han ayudado a hacer este art\u00edculo \u00a0del modo m\u00e1s objetivo posible: Alberto Rodriguez, Raul Anguita, Unai Portillo, David Masdeu, Montse Galvany, Iv\u00e1n Hidalgo, Nacho Piedra, Silvia Abella, Lloren\u00e7 Arnau, Paul Cail, Ricard Torres, Jose Luis Bueno ( Y disculpad si me dejo a alguno )\u00a0<\/strong><\/p>\n","protected":false},"excerpt":{"rendered":"<p>Las redes sociales, tanto de amateurs como de profesionales, han constatado lamentablemente que el transporte de nuestras bicicletas (joyas) no es tarea f\u00e1cil y menos si queremos evitarnos problemas y hacerlo bajo unas garant\u00edas de seguridad. En el mercado existen diferentes empresas de transporte que se han especializado en este servicio dado el auge del\u00a0ciclismo [&hellip;]<\/p>\n","protected":false},"author":2,"featured_media":34586,"comment_status":"closed","ping_status":"closed","sticky":false,"template":"","format":"standard","meta":{"_acf_changed":false,"rank_math_lock_modified_date":false,"footnotes":""},"categories":[16],"tags":[],"class_list":{"0":"post-49894","1":"post","2":"type-post","3":"status-publish","4":"format-standard","5":"has-post-thumbnail","7":"category-en-red"},"acf":[],"_links":{"self":[{"href":"https:\/\/miurltemporal.com/main/triatletasenred.sport.es\/wp-json\/wp\/v2\/posts\/49894"}],"collection":[{"href":"https:\/\/miurltemporal.com/main/triatletasenred.sport.es\/wp-json\/wp\/v2\/posts"}],"about":[{"href":"https:\/\/miurltemporal.com/main/triatletasenred.sport.es\/wp-json\/wp\/v2\/types\/post"}],"author":[{"embeddable":true,"href":"https:\/\/miurltemporal.com/main/triatletasenred.sport.es\/wp-json\/wp\/v2\/users\/2"}],"replies":[{"embeddable":true,"href":"https:\/\/miurltemporal.com/main/triatletasenred.sport.es\/wp-json\/wp\/v2\/comments?post=49894"}],"version-history":[{"count":0,"href":"https:\/\/miurltemporal.com/main/triatletasenred.sport.es\/wp-json\/wp\/v2\/posts\/49894\/revisions"}],"wp:featuredmedia":[{"embeddable":true,"href":"https:\/\/miurltemporal.com/main/triatletasenred.sport.es\/wp-json\/wp\/v2\/media\/34586"}],"wp:attachment":[{"href":"https:\/\/miurltemporal.com/main/triatletasenred.sport.es\/wp-json\/wp\/v2\/media?parent=49894"}],"wp:term":[{"taxonomy":"category","embeddable":true,"href":"https:\/\/miurltemporal.com/main/triatletasenred.sport.es\/wp-json\/wp\/v2\/categories?post=49894"},{"taxonomy":"post_tag","embeddable":true,"href":"https:\/\/miurltemporal.com/main/triatletasenred.sport.es\/wp-json\/wp\/v2\/tags?post=49894"}],"curies":[{"name":"wp","href":"https:\/\/api.w.org\/{rel}","templated":true}]}}