{"id":49733,"date":"2017-02-02T06:16:16","date_gmt":"2017-02-02T04:16:16","guid":{"rendered":"http:\/\/triatletasenred.com\/?p=49733"},"modified":"2017-02-20T23:01:06","modified_gmt":"2017-02-20T21:01:06","slug":"eneko-llanos-bh","status":"publish","type":"post","link":"https:\/\/miurltemporal.com/main/triatletasenred.sport.es\/actualidad\/eneko-llanos-bh\/","title":{"rendered":"Entrevista a Eneko Llanos y ll\u00e9vate este mono cortes\u00eda de BH"},"content":{"rendered":"<p><strong>El Kaiser vuelve a la carga con todo lo que tiene dentro que no es poco. Eneko Llanos es el decano del Campeonato del Mundo IRONMAN y uno de nuestros atletas internacionales m\u00e1s respetados.\u00a0<\/strong><\/p>\n<p><img fetchpriority=\"high\" decoding=\"async\" class=\"size-medium wp-image-49743 alignleft\" src=\"https:\/\/miurltemporal.com/main/triatletasenred.sport.es\/wp-content\/uploads\/monoBH-300x300.jpg\" alt=\"\" width=\"300\" height=\"300\" srcset=\"https:\/\/miurltemporal.com/main/triatletasenred.sport.es\/wp-content\/uploads\/monoBH-300x300.jpg 300w, https:\/\/miurltemporal.com/main/triatletasenred.sport.es\/wp-content\/uploads\/monoBH-100x100.jpg 100w, https:\/\/miurltemporal.com/main/triatletasenred.sport.es\/wp-content\/uploads\/monoBH-700x700.jpg 700w, https:\/\/miurltemporal.com/main/triatletasenred.sport.es\/wp-content\/uploads\/monoBH-150x150.jpg 150w, https:\/\/miurltemporal.com/main/triatletasenred.sport.es\/wp-content\/uploads\/monoBH-600x600.jpg 600w, https:\/\/miurltemporal.com/main/triatletasenred.sport.es\/wp-content\/uploads\/monoBH-80x80.jpg 80w, https:\/\/miurltemporal.com/main/triatletasenred.sport.es\/wp-content\/uploads\/monoBH.jpg 760w\" sizes=\"(max-width: 300px) 100vw, 300px\" \/>Nos apetece entrevistarle y nadie mejor que nuestros lectores para sacar el m\u00e1ximo jugo al atleta vasco. \u00bfNos ayudas? Entre todas las preguntas, nuestro equipo de redacci\u00f3n seleccionar\u00e1 10 de ellas que le haremos llegar a Eneko y, una de ellas ser\u00e1 la que se lleve a casa este mono cortes\u00eda de BH, marca oficial de bicicletas del nuestro Eneko Llanos.<\/p>\n<p>\u00bfTe animas?<br \/>\n<!-- Begin MailChimp Signup Form --><\/p>\n<p>[contact-form-7 id=&#8221;49739&#8243; title=&#8221;Eneko Llanos &#8211; Triatletas En Red&#8221;]<br \/>\n<!--End mc_embed_signup--><\/p>\n<h6 class=\"p1\"><span class=\"s1\">En cumplimiento de lo que dispone la Ley Org\u00e1nica 15\/1999, de 13 de diciembre, de Protecci\u00f3n de Datos de Car\u00e1cter Personal (LOPD) y su normativa de desarrollo, se le informa de que los datos de car\u00e1cter personal que facilite en este impreso, ser\u00e1n incorporados a un fichero titularidad de triatletasenred.com.\u00a0<\/span><span class=\"s1\">Con el env\u00edo de este formulario, usted otorga su consentimiento para el tratamiento de sus datos con la finalidad de env\u00edo de informaci\u00f3n comercial peri\u00f3dica.<\/span><\/h6>\n<h6><span class=\"s1\">En cualquier momento usted puede ejercer los derechos de acceso, rectificaci\u00f3n, oposici\u00f3n y, en su caso, cancelaci\u00f3n, comunic\u00e1ndolo por escrito e indicando sus datos personales al domicilio Calle Venezuela\u00a03 \u00a008019 Barcelona o enviando un correo electr\u00f3nico a info@triatletasenred.com<\/span><\/h6>\n<p>&nbsp;<\/p>\n","protected":false},"excerpt":{"rendered":"<p>El Kaiser vuelve a la carga con todo lo que tiene dentro que no es poco. Eneko Llanos es el decano del Campeonato del Mundo IRONMAN y uno de nuestros atletas internacionales m\u00e1s respetados.\u00a0 Nos apetece entrevistarle y nadie mejor que nuestros lectores para sacar el m\u00e1ximo jugo al atleta vasco. \u00bfNos ayudas? Entre todas [&hellip;]<\/p>\n","protected":false},"author":2,"featured_media":39169,"comment_status":"closed","ping_status":"closed","sticky":false,"template":"","format":"standard","meta":{"_acf_changed":false,"rank_math_lock_modified_date":false,"footnotes":""},"categories":[17,10,2033],"tags":[3077,5397,2099],"class_list":{"0":"post-49733","1":"post","2":"type-post","3":"status-publish","4":"format-standard","5":"has-post-thumbnail","7":"category-actualidad","8":"category-entrevistas-triatlon","9":"category-sport","10":"tag-bh-bikes","11":"tag-eneko-llanos-2017","12":"tag-entrevista"},"acf":[],"_links":{"self":[{"href":"https:\/\/miurltemporal.com/main/triatletasenred.sport.es\/wp-json\/wp\/v2\/posts\/49733"}],"collection":[{"href":"https:\/\/miurltemporal.com/main/triatletasenred.sport.es\/wp-json\/wp\/v2\/posts"}],"about":[{"href":"https:\/\/miurltemporal.com/main/triatletasenred.sport.es\/wp-json\/wp\/v2\/types\/post"}],"author":[{"embeddable":true,"href":"https:\/\/miurltemporal.com/main/triatletasenred.sport.es\/wp-json\/wp\/v2\/users\/2"}],"replies":[{"embeddable":true,"href":"https:\/\/miurltemporal.com/main/triatletasenred.sport.es\/wp-json\/wp\/v2\/comments?post=49733"}],"version-history":[{"count":0,"href":"https:\/\/miurltemporal.com/main/triatletasenred.sport.es\/wp-json\/wp\/v2\/posts\/49733\/revisions"}],"wp:featuredmedia":[{"embeddable":true,"href":"https:\/\/miurltemporal.com/main/triatletasenred.sport.es\/wp-json\/wp\/v2\/media\/39169"}],"wp:attachment":[{"href":"https:\/\/miurltemporal.com/main/triatletasenred.sport.es\/wp-json\/wp\/v2\/media?parent=49733"}],"wp:term":[{"taxonomy":"category","embeddable":true,"href":"https:\/\/miurltemporal.com/main/triatletasenred.sport.es\/wp-json\/wp\/v2\/categories?post=49733"},{"taxonomy":"post_tag","embeddable":true,"href":"https:\/\/miurltemporal.com/main/triatletasenred.sport.es\/wp-json\/wp\/v2\/tags?post=49733"}],"curies":[{"name":"wp","href":"https:\/\/api.w.org\/{rel}","templated":true}]}}