{"id":49542,"date":"2017-01-20T00:52:20","date_gmt":"2017-01-19T22:52:20","guid":{"rendered":"http:\/\/triatletasenred.com\/?p=49542"},"modified":"2017-01-20T08:31:58","modified_gmt":"2017-01-20T06:31:58","slug":"triatlon-olimpico-la-nueva-apuesta-100half","status":"publish","type":"post","link":"https:\/\/miurltemporal.com/main/triatletasenred.sport.es\/en-red\/triatlon-olimpico-la-nueva-apuesta-100half\/","title":{"rendered":"El triatl\u00f3n ol\u00edmpico, la nueva apuesta de 100%HALF"},"content":{"rendered":"<h3 style=\"text-align: justify;\">Para muchos, hablar de\u00a0100%HALF es hablar de media distancia. Pero la corta distancia tambi\u00e9n tiene m\u00faltiples atractivos y\u00a0este a\u00f1o, tambi\u00e9n bajo el sello de Diversport, tenemos la opci\u00f3n de disfrutar de un nuevo circuito con 3 pruebas de\u00a0distancia ol\u00edmpica. \u00bfTe animas?<\/h3>\n<p style=\"text-align: justify;\">Tres parajes id\u00edlicos, tres pruebas con esencia, tres recorridos con mucho encanto. Tres zonas que invitan a sacar la c\u00e1mara (en muchos casos, la del m\u00f3vil). Con la experiencia de varios a\u00f1os en el sector y el conocimiento del territorio, 100%HALF nos presenta este 2017 un circuito de tres pruebas realmente atractivas. Estartit, Empuriabrava y Palafrugell, <strong>tres peque\u00f1os para\u00edsos<\/strong> que har\u00e1n las delicias de los triatletas.<\/p>\n<p style=\"text-align: justify;\"><img fetchpriority=\"high\" decoding=\"async\" class=\"aligncenter wp-image-49557\" src=\"https:\/\/miurltemporal.com/main/triatletasenred.sport.es\/wp-content\/uploads\/circuito-2.jpg\" alt=\"\" width=\"612\" height=\"408\" srcset=\"https:\/\/miurltemporal.com/main/triatletasenred.sport.es\/wp-content\/uploads\/circuito-2.jpg 760w, https:\/\/miurltemporal.com/main/triatletasenred.sport.es\/wp-content\/uploads\/circuito-2-700x467.jpg 700w, https:\/\/miurltemporal.com/main/triatletasenred.sport.es\/wp-content\/uploads\/circuito-2-300x200.jpg 300w, https:\/\/miurltemporal.com/main/triatletasenred.sport.es\/wp-content\/uploads\/circuito-2-80x53.jpg 80w\" sizes=\"(max-width: 612px) 100vw, 612px\" \/><\/p>\n<p style=\"text-align: justify;\">Un circuito donde cada prueba puntuar\u00e1 de forma individual y por clubes y donde, al cierre del mismo, se premiar\u00e1 a los ganadores absolutos de ambas categor\u00edas. Y, hablando de premios, tambi\u00e9n habr\u00e1 para los mejores de cada segmento. Tres pruebas sin drafting (excepto la distancia sprint de Empuriabrava). &#8220;No han sido pruebas escogidas al azar. Cada una de ellas tiene su valor a\u00f1adido, su encanto&#8221; explica su director t\u00e9cnico,\u00a0<strong>Gerard Jurnet<\/strong>.<\/p>\n<p style=\"text-align: justify;\"><strong>Tri l&#8217;Estartit [28 de mayo]<\/strong><\/p>\n<p style=\"text-align: justify;\">Uno de los rincones m\u00e1s emblem\u00e1ticos (y con raz\u00f3n) de la bonita Costa Brava catalana. Entre sus alicientes, <strong>las Illes Medes<\/strong>, que en esta prueba evidentemente tendr\u00e1n su cuota de protagonismo. De hecho, el tramo de nataci\u00f3n es el punto fuerte de este triatl\u00f3n ya que un barco llevar\u00e1 a los participantes hasta las mismas Illes Medes, y desde ah\u00ed arrancar\u00e1 una nataci\u00f3n que les llevar\u00e1 hasta la costa. 1,5 km con un entorno marino espectacular.<\/p>\n<p style=\"text-align: justify;\"><img decoding=\"async\" class=\"aligncenter \" src=\"http:\/\/www.100x100half.com\/uploads\/images\/medes\/medes2.jpg\" width=\"566\" height=\"375\" \/><\/p>\n<p style=\"text-align: justify;\">Despu\u00e9s, un circuito de ciclismo a cuatro vueltas bastante r\u00e1pidas, por una carretera sin giros que va de l&#8217;Estartit a Torroella. Y, por \u00faltimo, carrera a pie siguiendo la l\u00ednea costera de l&#8217;Estartit, con las Illes Medes como testigos. Un antiguo triatl\u00f3n de monta\u00f1a reconvertido al asfalto.<\/p>\n<a class=\"vc_btn vc_btn-default vc_btn-sm vc_btn_square \" href=\"http:\/\/www.100x100half.com\/estartit\" rel=\"nofollow noopener\" target=\"_blank\">Web Tri l&#8217;Estartit<\/a>\n<hr \/>\n<p style=\"text-align: justify;\"><strong>Tri Empuriabrava [24 de septiembre]<\/strong><\/p>\n<p style=\"text-align: justify;\">Una zona cl\u00e1sica del territorio donde disfrutar del deporte. Una prueba, pasado el calor del verano, que ofrecer\u00e1 dos distancias, sprint y ol\u00edmpica, aunque solo la \u00faltima forma parte del circuito. Los circuitos destacan por su <strong>m\u00ednimo desnivel en ciclismo y carrera a pie<\/strong>, haciendo de este triatl\u00f3n un buen escenario para acoger todos aquellos debutantes en la distancia.<\/p>\n<p style=\"text-align: justify;\"><img decoding=\"async\" class=\"aligncenter \" src=\"https:\/\/scontent-mad1-1.xx.fbcdn.net\/v\/t31.0-8\/16143446_1232651023489226_8345400195276300871_o.jpg?oh=144a619c354bbe6208606cce0704e20f&amp;oe=591E6913\" width=\"572\" height=\"382\" \/><\/p>\n<p style=\"text-align: justify;\">Adem\u00e1s, la prueba comparte tramos del circuito con sus dos hermanas mayores, el Half Empuriabrava y el Empuriaman LD Costa Brava. As\u00ed pues, para aquellos triatletas que se est\u00e9n preparando para una de esas dos citas\u00a0en pr\u00f3ximas ediciones, participar en el Tri Empuriabrava ser\u00e1 una ocasi\u00f3n ideal para testar el recorrido y tomar nota.<\/p>\n<a class=\"vc_btn vc_btn-default vc_btn-sm vc_btn_square \" href=\"http:\/\/www.100x100half.com\/empuriabrava\" rel=\"nofollow noopener\" target=\"_blank\">Web Tri Empuriabrava<\/a>\n<hr \/>\n<p><strong>Tri Palafrugell [21 de octubre]<\/strong><\/p>\n<p style=\"text-align: justify;\">Una de las pruebas que pondr\u00e1 el punto y final a la temporada en una localizaci\u00f3n magn\u00edfica, con <strong>un encanto muy especial<\/strong>. Un triatl\u00f3n que tendr\u00e1 como punto emblem\u00e1tico el <strong>Far de Sant Sebasti\u00e0<\/strong> y donde Calella de Palafrugell y Llafranc jugar\u00e1n un papel importante. Una novedad es que el sector de nataci\u00f3n se realizar\u00e1 en la bah\u00eda de Llafranc, resguardado por el Cap de Sant Sebasti\u00e0 y su faro.<\/p>\n<p style=\"text-align: justify;\">Por cierto, un faro que\u00a0tambi\u00e9n se dejar\u00e1 ver en la bici. &#8220;Despu\u00e9s de un tramo recto de la autov\u00eda que une Calella de Palafrugell con Palafrugell, los triatletas subir\u00e1n al faro por la vertiente noroeste para despu\u00e9s volver a bajar a Llafranc para iniciar una nueva vuelta. En total ser\u00e1n tres vueltas&#8221; explica Gerard. Por \u00faltimo, la carrera a pie discurrir\u00e1 al lado de un tramo ciclista, algo que favorecer\u00e1 el ambiente y la concentraci\u00f3n de p\u00fablico.<\/p>\n<a class=\"vc_btn vc_btn-default vc_btn-sm vc_btn_square \" href=\"http:\/\/www.100x100half.com\/palafrugell\" rel=\"nofollow noopener\" target=\"_blank\">Web\u00a0<strong>Tri Palafrugell<\/strong><\/a>\n<div class=\"\"><\/div>\n","protected":false},"excerpt":{"rendered":"<p>Para muchos, hablar de\u00a0100%HALF es hablar de media distancia. Pero la corta distancia tambi\u00e9n tiene m\u00faltiples atractivos y\u00a0este a\u00f1o, tambi\u00e9n bajo el sello de Diversport, tenemos la opci\u00f3n de disfrutar de un nuevo circuito con 3 pruebas de\u00a0distancia ol\u00edmpica. \u00bfTe animas? Tres parajes id\u00edlicos, tres pruebas con esencia, tres recorridos con mucho encanto. Tres zonas [&hellip;]<\/p>\n","protected":false},"author":23,"featured_media":49561,"comment_status":"closed","ping_status":"closed","sticky":false,"template":"","format":"standard","meta":{"_acf_changed":false,"rank_math_lock_modified_date":false,"footnotes":""},"categories":[16],"tags":[5208,3283,5331,5330,5332],"class_list":{"0":"post-49542","1":"post","2":"type-post","3":"status-publish","4":"format-standard","5":"has-post-thumbnail","7":"category-en-red","8":"tag-100half","9":"tag-diversport","10":"tag-tri-empuriabrava","11":"tag-tri-lestartit","12":"tag-tri-palafrugell"},"acf":[],"_links":{"self":[{"href":"https:\/\/miurltemporal.com/main/triatletasenred.sport.es\/wp-json\/wp\/v2\/posts\/49542"}],"collection":[{"href":"https:\/\/miurltemporal.com/main/triatletasenred.sport.es\/wp-json\/wp\/v2\/posts"}],"about":[{"href":"https:\/\/miurltemporal.com/main/triatletasenred.sport.es\/wp-json\/wp\/v2\/types\/post"}],"author":[{"embeddable":true,"href":"https:\/\/miurltemporal.com/main/triatletasenred.sport.es\/wp-json\/wp\/v2\/users\/23"}],"replies":[{"embeddable":true,"href":"https:\/\/miurltemporal.com/main/triatletasenred.sport.es\/wp-json\/wp\/v2\/comments?post=49542"}],"version-history":[{"count":0,"href":"https:\/\/miurltemporal.com/main/triatletasenred.sport.es\/wp-json\/wp\/v2\/posts\/49542\/revisions"}],"wp:featuredmedia":[{"embeddable":true,"href":"https:\/\/miurltemporal.com/main/triatletasenred.sport.es\/wp-json\/wp\/v2\/media\/49561"}],"wp:attachment":[{"href":"https:\/\/miurltemporal.com/main/triatletasenred.sport.es\/wp-json\/wp\/v2\/media?parent=49542"}],"wp:term":[{"taxonomy":"category","embeddable":true,"href":"https:\/\/miurltemporal.com/main/triatletasenred.sport.es\/wp-json\/wp\/v2\/categories?post=49542"},{"taxonomy":"post_tag","embeddable":true,"href":"https:\/\/miurltemporal.com/main/triatletasenred.sport.es\/wp-json\/wp\/v2\/tags?post=49542"}],"curies":[{"name":"wp","href":"https:\/\/api.w.org\/{rel}","templated":true}]}}