{"id":49400,"date":"2017-01-09T14:08:51","date_gmt":"2017-01-09T12:08:51","guid":{"rendered":"http:\/\/triatletasenred.com\/?p=49400"},"modified":"2017-01-10T12:26:19","modified_gmt":"2017-01-10T10:26:19","slug":"pablo-dapena-gomez-noya","status":"publish","type":"post","link":"https:\/\/miurltemporal.com/main/triatletasenred.sport.es\/en-red\/pablo-dapena-gomez-noya\/","title":{"rendered":"Pablo Dapena, sparring de lujo de G\u00f3mez Noya en Lanzarote"},"content":{"rendered":"<h1>Javi G\u00f3mez Noya realiza un stage de pretemporada en Lanzarote con un sparring de lujo: Pablo Dapena. El de Pontevedra regresa al grupo de entrenamiento de Noya tras su sobresaliente temporada en 2016, que finaliz\u00f3 viajando con el equipo espa\u00f1ol a las Series Mundiales en Cozumel.<\/h1>\n<p>Tras empezar el curso en Badajoz probando su cuerpo para un posible entrenamiento en altura, <a href=\"https:\/\/miurltemporal.com/main/triatletasenred.sport.es\/actualidad\/javi-gomez-noya-vence-half-rotorua\/\">ganar en Rotorua<\/a>\u00a0su primera prueba de la temporada y <a href=\"http:\/\/www.voyaserunironman.es\/deportistas\/javi-gomez-noya-idolo\/\" rel=\"nofollow noopener\" target=\"_blank\">pasar las navidades en Nueva Zelanda<\/a>, G\u00f3mez Noya se ha instalado en el Club La Santa de Lanzarote donde realiza un stage de tres semanas afinando de cara a los objetivos de 2017. Pablo Dapena, amigo del cinco veces campe\u00f3n del mundo y una de la estrellas de la media distancia de la pasada temporada, ha viajado a la isla canaria donde entrena y ayuda a G\u00f3mez Noya en su preparaci\u00f3n en busca de un nuevo campeonato del Mundo bajo la direcci\u00f3n de Carlos Prieto.<\/p>\n<p>Dapena se\u00f1al\u00f3 en su cuenta de Instagram que se marchaba a Lanzarote tres semanas &#8220;con el Capit\u00e1n G\u00f3mez Noya y sus secuaces\u00a0para seguir asentando las bases de la temporada&#8221;. &#8220;No me puedo quejar de la temperatura de Pontevedra pero la oferta era irrechazable&#8221;, aseguraba.\u00a0En algunas de las fotos que han publicado en redes sociales se les puede ver rodando en Lanzarote y &#8220;sobreviviendo a las rachas de viento. O te mantienes encima de la bici o acabas esnafrado en la roca volc\u00e1nica&#8221;.<\/p>\n<blockquote class=\"instagram-media\" style=\"background: #FFF; border: 0; border-radius: 3px; box-shadow: 0 0 1px 0 rgba(0,0,0,0.5),0 1px 10px 0 rgba(0,0,0,0.15); margin: 1px; max-width: 658px; padding: 0; width: calc(100% - 2px);\" data-instgrm-captioned=\"\" data-instgrm-version=\"7\">\n<div style=\"padding: 8px;\">\n<div style=\"background: #F8F8F8; line-height: 0; margin-top: 40px; padding: 50.0% 0; text-align: center; width: 100%;\"><\/div>\n<p style=\"margin: 8px 0 0 0; padding: 0 4px;\"><a style=\"color: #000; font-family: Arial,sans-serif; font-size: 14px; font-style: normal; font-weight: normal; line-height: 17px; text-decoration: none; word-wrap: break-word;\" href=\"https:\/\/www.instagram.com\/p\/BPBJVmMgha8\/\" target=\"_blank\" rel=\"nofollow noopener\">Semanita terminada en @clublasanta Ma\u00f1ana comienza otra semana cargadita de ilusi\u00f3n y de trabajo. Piernas en alto y a descansar&#8230; #LaSanta #Lanzarote #TrainingCamp #CanaryIslands #Training #Cycling #Running #Swimming<\/a><\/p>\n<p style=\"color: #c9c8cd; font-family: Arial,sans-serif; font-size: 14px; line-height: 17px; margin-bottom: 0; margin-top: 8px; overflow: hidden; padding: 8px 0 7px; text-align: center; text-overflow: ellipsis; white-space: nowrap;\">Una foto publicada por Pablo Dapena Gonz\u00e1lez (@pablitopiny) el <time style=\"font-family: Arial,sans-serif; font-size: 14px; line-height: 17px;\" datetime=\"2017-01-08T21:07:59+00:00\">8 de Ene de 2017 a la(s) 1:07 PST<\/time><\/p>\n<\/div>\n<\/blockquote>\n<p>Pablo Dapena tuvo que <a href=\"https:\/\/miurltemporal.com/main/triatletasenred.sport.es\/actualidad\/pablo-dapena-operado-con-exito\/\">ser operado en enero de 2016<\/a> de una hernia inguinal que le dej\u00f3 fuera de la habitual pretemporada en <a href=\"https:\/\/miurltemporal.com/main/triatletasenred.sport.es\/en-red\/resorts-ideales-para-triatletass\/\">Playitas Resort de Fuerteventura<\/a>. Tras recuperarse, apost\u00f3 por la media distancia donde obtuvo resultados espectaculares y regres\u00f3 al equipo de\u00a0preparaci\u00f3n de G\u00f3mez Noya que se concentr\u00f3 en Lugo en busca del oro ol\u00edmpico antes de la desgracia que dej\u00f3 a\u00a0<a href=\"https:\/\/miurltemporal.com/main/triatletasenred.sport.es\/actualidad\/noya-se-fractura-el-brazo-y-se-perdera-los-juegos-olimpicos-de-rio\/\">Javi sin opciones<\/a>\u00a0en R\u00edo.<\/p>\n<p><a href=\"http:\/\/www.compressport.es\/?utm_source=trienred&amp;utm_medium=banner400x300&amp;utm_campaign=Cycling\" rel=\"nofollow noopener\" target=\"_blank\"><img fetchpriority=\"high\" decoding=\"async\" class=\"aligncenter size-full wp-image-45274\" src=\"https:\/\/miurltemporal.com/main/triatletasenred.sport.es\/wp-content\/uploads\/compressport-700x100.png\" alt=\"compressport-700x100\" width=\"700\" height=\"100\" \/><\/a><\/p>\n<p>Mientras tanto, Dapena cerr\u00f3 la temporada pasada con el triunfo en Triatl\u00f3n de Media Distancia de Sanxenxo, Triatl\u00f3n de Baiona, Triatl\u00f3n Valle de Buelna y en el Triatl\u00f3n de Guadalajara y un segundo puesto en Triathl\u00f3n Vitoria-Gasteiz y Triatl\u00f3n de Palmaces. Casi nada.<\/p>\n<p>Sin duda un t\u00e1ndem de lujo para preparar la temporada que esperemos que llegue cargada de \u00e9xitos para ambos. &#8220;Que empiece el baile&#8221;, como dijo Pablo Dapena antes de viajar a Lanzarote.<\/p>\n","protected":false},"excerpt":{"rendered":"<p>G\u00f3mez Noya quiere volver a lo grande. El gallego est\u00e1 en Lanzarote y se entrena con un sparring de lujo: Pablo Dapena, el rey de la media distancia en 2016.<\/p>\n","protected":false},"author":1,"featured_media":49401,"comment_status":"closed","ping_status":"closed","sticky":false,"template":"","format":"standard","meta":{"_acf_changed":false,"rank_math_lock_modified_date":false,"footnotes":""},"categories":[16],"tags":[3659,4480,686,2483],"class_list":{"0":"post-49400","1":"post","2":"type-post","3":"status-publish","4":"format-standard","5":"has-post-thumbnail","7":"category-en-red","8":"tag-club-la-santa","9":"tag-javi-gomez-noya","10":"tag-lanzarote","11":"tag-pablo-dapena"},"acf":[],"_links":{"self":[{"href":"https:\/\/miurltemporal.com/main/triatletasenred.sport.es\/wp-json\/wp\/v2\/posts\/49400"}],"collection":[{"href":"https:\/\/miurltemporal.com/main/triatletasenred.sport.es\/wp-json\/wp\/v2\/posts"}],"about":[{"href":"https:\/\/miurltemporal.com/main/triatletasenred.sport.es\/wp-json\/wp\/v2\/types\/post"}],"author":[{"embeddable":true,"href":"https:\/\/miurltemporal.com/main/triatletasenred.sport.es\/wp-json\/wp\/v2\/users\/1"}],"replies":[{"embeddable":true,"href":"https:\/\/miurltemporal.com/main/triatletasenred.sport.es\/wp-json\/wp\/v2\/comments?post=49400"}],"version-history":[{"count":0,"href":"https:\/\/miurltemporal.com/main/triatletasenred.sport.es\/wp-json\/wp\/v2\/posts\/49400\/revisions"}],"wp:featuredmedia":[{"embeddable":true,"href":"https:\/\/miurltemporal.com/main/triatletasenred.sport.es\/wp-json\/wp\/v2\/media\/49401"}],"wp:attachment":[{"href":"https:\/\/miurltemporal.com/main/triatletasenred.sport.es\/wp-json\/wp\/v2\/media?parent=49400"}],"wp:term":[{"taxonomy":"category","embeddable":true,"href":"https:\/\/miurltemporal.com/main/triatletasenred.sport.es\/wp-json\/wp\/v2\/categories?post=49400"},{"taxonomy":"post_tag","embeddable":true,"href":"https:\/\/miurltemporal.com/main/triatletasenred.sport.es\/wp-json\/wp\/v2\/tags?post=49400"}],"curies":[{"name":"wp","href":"https:\/\/api.w.org\/{rel}","templated":true}]}}