{"id":49311,"date":"2016-12-30T01:28:42","date_gmt":"2016-12-29T23:28:42","guid":{"rendered":"http:\/\/triatletasenred.com\/?p=49311"},"modified":"2016-12-30T01:28:42","modified_gmt":"2016-12-29T23:28:42","slug":"top-5-articulos-mas-leidos-2016","status":"publish","type":"post","link":"https:\/\/miurltemporal.com/main/triatletasenred.sport.es\/actualidad\/top-5-articulos-mas-leidos-2016\/","title":{"rendered":"Top 5: Art\u00edculos m\u00e1s le\u00eddos en 2016"},"content":{"rendered":"<h3 style=\"text-align: justify;\">Desde\u00a0<em>Triatletas en Red<\/em>, cerramos\u00a0un a\u00f1o 2016 repleto de noticias nacionales e internacionales que han llenado muchas p\u00e1ginas. Un a\u00f1o m\u00e1s donde este medio de comunicaci\u00f3n ha estado al pie del ca\u00f1\u00f3n para hablar de nuestra pasi\u00f3n compartida: el triatl\u00f3n. Y antes de dar el carpetazo definitivo al 2016, repasamos cu\u00e1les han sido los cinco art\u00edculos m\u00e1s vistos por los lectores en\u00a0<em>Triatletas en Red<\/em>. De menos a m\u00e1s le\u00eddo.<\/h3>\n<h3><strong>El 5\u00ba m\u00e1s le\u00eddo&#8230;<\/strong><\/h3>\n<p class=\"post-title\"><em>El mon\u00f3logo de una novia que saca las risas (y los colores) a runners y triatletas<\/em><\/p>\n<p class=\"post-title\" style=\"text-align: justify;\">Empezamos el <em>Top 5<\/em> de lo m\u00e1s le\u00eddo del 2016 con un divertido v\u00eddeo que cay\u00f3 en nuestras manos y que provoc\u00f3 much\u00edsimas risas. Un original y muy divertido mon\u00f3logo que protagoniza la\u00a0actriz argentina Rocio Mosca y que nos habla de la\u00a0adicci\u00f3n al deporte.<\/p>\n<p class=\"post-title\">L\u00e9elo <a href=\"https:\/\/miurltemporal.com/main/triatletasenred.sport.es\/en-red\/el-monologo-que-nos-saca-los-colores-a-runners-y-triatletas\/\">AQU\u00cd<\/a><\/p>\n<p class=\"post-title\"><img fetchpriority=\"high\" decoding=\"async\" class=\"aligncenter wp-image-49312\" src=\"https:\/\/miurltemporal.com/main/triatletasenred.sport.es\/wp-content\/uploads\/monologo-1.jpg\" alt=\"monologo-1\" width=\"609\" height=\"342\" srcset=\"https:\/\/miurltemporal.com/main/triatletasenred.sport.es\/wp-content\/uploads\/monologo-1.jpg 595w, https:\/\/miurltemporal.com/main/triatletasenred.sport.es\/wp-content\/uploads\/monologo-1-300x168.jpg 300w, https:\/\/miurltemporal.com/main/triatletasenred.sport.es\/wp-content\/uploads\/monologo-1-80x45.jpg 80w\" sizes=\"(max-width: 609px) 100vw, 609px\" \/><\/p>\n<h3 class=\"post-title\">El 4\u00ba m\u00e1s le\u00eddo&#8230;<\/h3>\n<p class=\"post-title\"><em>IRONMAN dice NO a Lance Armstrong<\/em><\/p>\n<p class=\"post-title\">En cuarta posici\u00f3n tenemos una noticia que podr\u00edamos decir que va m\u00e1s all\u00e1 del propio triatl\u00f3n. El campe\u00f3n mundial Lance Armstrong envuelto estos \u00faltimos a\u00f1os en m\u00faltiples pol\u00e9micas, casos de dopaje y para muchos repudiado, fue noticia en verano. Tras cumplir su sanci\u00f3n, fuentes de IRONMAN se encargaron de aclarar que no dejar\u00edan participar al norteamericano en una prueba de su circuito.<\/p>\n<p class=\"post-title\">L\u00e9elo <a href=\"https:\/\/miurltemporal.com/main/triatletasenred.sport.es\/actualidad\/ironman-dice-no-a-lance-armstrong\/\">AQU\u00cd<\/a><\/p>\n<p class=\"post-title\"><img decoding=\"async\" class=\"aligncenter \" src=\"http:\/\/cdn.triathlete.com\/wp-content\/uploads\/2013\/01\/IM-70.3-Panama-1661-633x421.jpg\" alt=\"\" width=\"598\" height=\"398\" \/><\/p>\n<p class=\"post-title\"><span style=\"color: #ffffff;\">jvfjnvf<\/span><\/p>\n<p class=\"post-title\"><img decoding=\"async\" class=\"aligncenter size-full wp-image-48804\" src=\"https:\/\/miurltemporal.com/main/triatletasenred.sport.es\/wp-content\/uploads\/BUNNER_150x700.jpg\" alt=\"Ironman 70.3 cascais\" width=\"700\" height=\"150\" srcset=\"https:\/\/miurltemporal.com/main/triatletasenred.sport.es\/wp-content\/uploads\/BUNNER_150x700.jpg 700w, https:\/\/miurltemporal.com/main/triatletasenred.sport.es\/wp-content\/uploads\/BUNNER_150x700-300x64.jpg 300w, https:\/\/miurltemporal.com/main/triatletasenred.sport.es\/wp-content\/uploads\/BUNNER_150x700-80x17.jpg 80w\" sizes=\"(max-width: 700px) 100vw, 700px\" \/><\/p>\n<h3 class=\"post-title\">El 3\u00ba m\u00e1s le\u00eddo&#8230;<\/h3>\n<p class=\"post-title\"><em>Agenda de Pruebas de Media Distancia en Espa\u00f1a para 2017<\/em><\/p>\n<p class=\"post-title\" style=\"text-align: justify;\">Nuestros lectores siempre tienen ganas de colgarse un dorsal, y en Espa\u00f1a tenemos un repertorio de competiciones de lo m\u00e1s variadas y atractivas. El tercer lugar lo ocupa la Agenda de triatlones de media distancia que desde este medio confeccionamos para 2017 y que puede servirle al lector en cualquier momento del a\u00f1o. \u00a1A competir se ha dicho!<\/p>\n<p class=\"post-title\" style=\"text-align: justify;\">L\u00e9elo <a href=\"https:\/\/miurltemporal.com/main/triatletasenred.sport.es\/en-red\/pruebas-de-media-distancia-en-espana\/\">AQU\u00cd<\/a><\/p>\n<p class=\"post-title\" style=\"text-align: justify;\"><img loading=\"lazy\" decoding=\"async\" class=\"aligncenter \" src=\"https:\/\/miurltemporal.com/main/triatletasenred.sport.es\/wp-content\/uploads\/sortida-pamplona-1-702x336.jpg\" alt=\"\" width=\"600\" height=\"287\" \/><\/p>\n<h3 class=\"post-title\">El 2\u00ba m\u00e1s le\u00eddo&#8230;<\/h3>\n<p class=\"post-title\"><em>Javi G\u00f3mez Noya, CAMPE\u00d3N de Europa por cuarta vez<\/em><\/p>\n<p class=\"post-title\" style=\"text-align: justify;\">En esa segunda posici\u00f3n, realmente muy cerca en visitas de la primera posici\u00f3n, est\u00e1 la cr\u00f3nica m\u00e1s le\u00edda del a\u00f1o. Como no, de nuestro rey del triatl\u00f3n, Javi G\u00f3mez Noya. El gallego se proclam\u00f3 nuevamente este a\u00f1o, en mayo, campe\u00f3n de Europa de triatl\u00f3n. Y el repaso de la carrera que se vivi\u00f3 en Lisboa fue muy seguida por nuestros lectores.<\/p>\n<p class=\"post-title\" style=\"text-align: justify;\">L\u00e9elo\u00a0<a href=\"https:\/\/miurltemporal.com/main/triatletasenred.sport.es\/actualidad\/javi-gomez-noya-campeon-de-europa-por-cuarta-vez\/\">AQU\u00cd<\/a><\/p>\n<p class=\"post-title\" style=\"text-align: justify;\"><img loading=\"lazy\" decoding=\"async\" class=\"aligncenter \" src=\"http:\/\/ep00.epimg.net\/deportes\/imagenes\/2016\/05\/28\/actualidad\/1464437727_151991_1464442428_noticia_normal.jpg\" alt=\"\" width=\"609\" height=\"373\" \/><\/p>\n<h3 class=\"post-title\" style=\"text-align: justify;\">Y el m\u00e1s le\u00eddo&#8230;<\/h3>\n<p class=\"post-title\"><em>\u00bfSabes cu\u00e1l es la subida m\u00e1s dura del mundo?<\/em><\/p>\n<p class=\"post-title\" style=\"text-align: justify;\">De desniveles, de mucha dureza, de grandes puertos&#8230; De todo eso va el art\u00edculo que gana\u00a0este t\u00edtulo\u00a0y que suma m\u00e1s visitas en todo el a\u00f1o. Curiosamente, un art\u00edculo de principios de a\u00f1o donde hablamos de una subida de nada m\u00e1s y nada menos que un 45% de pendiente m\u00e1xima y 1317 metros de desnivel acumulados. \u00bfNo digas que no es tentador probar de subirla, verdad? Si a\u00fan no sabes de qu\u00e9 subida hablamos, adelante.<\/p>\n<p class=\"post-title\">L\u00e9elo <a href=\"https:\/\/miurltemporal.com/main/triatletasenred.sport.es\/actualidad\/subida-mas-dura-del-mundo\/\">AQU\u00cd<\/a><\/p>\n<p class=\"post-title\"><img loading=\"lazy\" decoding=\"async\" class=\"aligncenter \" src=\"https:\/\/miurltemporal.com/main/triatletasenred.sport.es\/wp-content\/uploads\/scanuppia1-580x336.jpg\" alt=\"\" width=\"608\" height=\"352\" \/><\/p>\n","protected":false},"excerpt":{"rendered":"<p>Desde\u00a0Triatletas en Red, cerramos\u00a0un a\u00f1o 2016 repleto de noticias nacionales e internacionales que han llenado muchas p\u00e1ginas. Un a\u00f1o m\u00e1s donde este medio de comunicaci\u00f3n ha estado al pie del ca\u00f1\u00f3n para hablar de nuestra pasi\u00f3n compartida: el triatl\u00f3n. Y antes de dar el carpetazo definitivo al 2016, repasamos cu\u00e1les han sido los cinco art\u00edculos [&hellip;]<\/p>\n","protected":false},"author":23,"featured_media":49313,"comment_status":"closed","ping_status":"closed","sticky":false,"template":"","format":"standard","meta":{"_acf_changed":false,"rank_math_lock_modified_date":false,"footnotes":""},"categories":[17],"tags":[5285,819,5287,4119,5288,5286],"class_list":{"0":"post-49311","1":"post","2":"type-post","3":"status-publish","4":"format-standard","5":"has-post-thumbnail","7":"category-actualidad","8":"tag-articulos-mas-leidos","9":"tag-javier-gomez-noya","10":"tag-lance-armstrong","11":"tag-mas-visitas","12":"tag-subida-mas-dura","13":"tag-top-visitas"},"acf":[],"_links":{"self":[{"href":"https:\/\/miurltemporal.com/main/triatletasenred.sport.es\/wp-json\/wp\/v2\/posts\/49311"}],"collection":[{"href":"https:\/\/miurltemporal.com/main/triatletasenred.sport.es\/wp-json\/wp\/v2\/posts"}],"about":[{"href":"https:\/\/miurltemporal.com/main/triatletasenred.sport.es\/wp-json\/wp\/v2\/types\/post"}],"author":[{"embeddable":true,"href":"https:\/\/miurltemporal.com/main/triatletasenred.sport.es\/wp-json\/wp\/v2\/users\/23"}],"replies":[{"embeddable":true,"href":"https:\/\/miurltemporal.com/main/triatletasenred.sport.es\/wp-json\/wp\/v2\/comments?post=49311"}],"version-history":[{"count":0,"href":"https:\/\/miurltemporal.com/main/triatletasenred.sport.es\/wp-json\/wp\/v2\/posts\/49311\/revisions"}],"wp:featuredmedia":[{"embeddable":true,"href":"https:\/\/miurltemporal.com/main/triatletasenred.sport.es\/wp-json\/wp\/v2\/media\/49313"}],"wp:attachment":[{"href":"https:\/\/miurltemporal.com/main/triatletasenred.sport.es\/wp-json\/wp\/v2\/media?parent=49311"}],"wp:term":[{"taxonomy":"category","embeddable":true,"href":"https:\/\/miurltemporal.com/main/triatletasenred.sport.es\/wp-json\/wp\/v2\/categories?post=49311"},{"taxonomy":"post_tag","embeddable":true,"href":"https:\/\/miurltemporal.com/main/triatletasenred.sport.es\/wp-json\/wp\/v2\/tags?post=49311"}],"curies":[{"name":"wp","href":"https:\/\/api.w.org\/{rel}","templated":true}]}}