{"id":49012,"date":"2016-12-12T00:32:35","date_gmt":"2016-12-11T22:32:35","guid":{"rendered":"http:\/\/triatletasenred.com\/?p=49012"},"modified":"2016-12-13T00:18:56","modified_gmt":"2016-12-12T22:18:56","slug":"marisol-casado-continuara-presidenta-la-itu","status":"publish","type":"post","link":"https:\/\/miurltemporal.com/main/triatletasenred.sport.es\/actualidad\/marisol-casado-continuara-presidenta-la-itu\/","title":{"rendered":"Marisol Casado continuar\u00e1 como presidenta de la ITU"},"content":{"rendered":"<h3 style=\"text-align: justify;\"><strong>Marisol Casado es la \u00fanica mujer que preside una federaci\u00f3n internacional de deportes de verano. Y as\u00ed\u00a0seguir\u00e1 despu\u00e9s de ser reelegida como presidenta de la\u00a0<\/strong>Uni\u00f3n Internacional de Triatl\u00f3n (ITU). Adem\u00e1s, Espa\u00f1a amplia\u00a0representaci\u00f3n en los comit\u00e9s de la ITU.<\/h3>\n<p style=\"text-align: justify;\">En el transcurso del XXIX Congreso de la ITU celebrado en Madrid este fin de semana se decidi\u00f3 que Marisol Casado asuma <strong>un\u00a0tercer mandato<\/strong> al frente del m\u00e1ximo organismo del triatl\u00f3n internacional. Un acto donde se encontraba el\u00a0presidente del Comit\u00e9 Ol\u00edmpico Internacional (COI),<strong> Thomas Bach<\/strong>, as\u00ed como delegados\u00a0de los 120\u00a0federaciones nacionales de triatl\u00f3n.<\/p>\n<p style=\"text-align: justify;\">Desde su llegada al cargo en 2008, Casado ha contribuido al desarrollo y expansi\u00f3n del triatl\u00f3n para que llegue a todos los rincones del mundo. De hecho, el mismo Bach dedic\u00f3 buenas palabras a su labor: &#8220;Su acercamiento positivo al deporte, con continuos programas de desarrollo, las iniciativas para incluir el paratriatl\u00f3n en los Juegos de R\u00edo y, en general, la disposici\u00f3n a abrazar la Agenda 2020&#8221; destac\u00f3.<\/p>\n<p style=\"text-align: justify;\"><img decoding=\"async\" class=\"aligncenter size-large\" src=\"https:\/\/miurltemporal.com/main/triatletasenred.sport.es\/wp-content\/uploads\/etixx.jpg\" alt=\"\" width=\"300\" height=\"150\" \/><\/p>\n<p style=\"text-align: justify;\">Adem\u00e1s, el presidente del COI tambi\u00e9n subray\u00f3 el peso de nuestro deporte en R\u00edo: &#8220;El triatl\u00f3n fue<strong> una de las cumbres de los Juegos de R\u00edo.\u00a0<\/strong>Las im\u00e1genes de los triatletas en un escenario ic\u00f3nico como la playa de Copacabana dieron la vuelta al mundo&#8221;.<\/p>\n<p style=\"text-align: justify;\">Pero no solo Marisol Casado fue la \u00fanica figura espa\u00f1ola destacada. La secretaria general de la FETRI, <strong>Alicia Garc\u00eda<\/strong>,\u00a0formar\u00e1 parte junto al egipcio Ashraf Elmidany y el mexicano Gerardo Zetina del Comit\u00e9 de Credenciales. Por su parte,\u00a0el director de Competiciones de la FETRI,\u00a0<strong>Jorge Garc\u00eda<\/strong>, ha sido reelegido miembro del Comit\u00e9 T\u00e9cnico de la ITU.<\/p>\n<p style=\"text-align: justify;\"><img fetchpriority=\"high\" decoding=\"async\" class=\"aligncenter \" src=\"https:\/\/pbs.twimg.com\/media\/CzaCuZGWQAAa-vV.jpg:large\" alt=\"\" width=\"538\" height=\"318\" \/><\/p>\n<p style=\"text-align: justify;\">Por otro lado, el\u00a0director de Alta Competici\u00f3n de la FETRI,\u00a0<strong>I\u00f1aki Arenal<\/strong>,\u00a0ha sido electo para formar parte del Comit\u00e9 de Entrenadores. Nombramientos que el presidente de la FETRI, <strong>Jos\u00e9 Hidalgo<\/strong>, quiso se\u00f1alar y celebrar.<\/p>\n","protected":false},"excerpt":{"rendered":"<p>Marisol Casado es la \u00fanica mujer que preside una federaci\u00f3n internacional de deportes de verano. Y as\u00ed\u00a0seguir\u00e1 despu\u00e9s de ser reelegida como presidenta de la\u00a0Uni\u00f3n Internacional de Triatl\u00f3n (ITU). Adem\u00e1s, Espa\u00f1a amplia\u00a0representaci\u00f3n en los comit\u00e9s de la ITU. En el transcurso del XXIX Congreso de la ITU celebrado en Madrid este fin de semana se [&hellip;]<\/p>\n","protected":false},"author":23,"featured_media":49014,"comment_status":"closed","ping_status":"closed","sticky":false,"template":"","format":"standard","meta":{"_acf_changed":false,"rank_math_lock_modified_date":false,"footnotes":""},"categories":[17],"tags":[5227,565,930,2400,2513],"class_list":{"0":"post-49012","1":"post","2":"type-post","3":"status-publish","4":"format-standard","5":"has-post-thumbnail","7":"category-actualidad","8":"tag-coi","9":"tag-fetri","10":"tag-itu","11":"tag-jorge-garcia","12":"tag-marisol-casado"},"acf":[],"_links":{"self":[{"href":"https:\/\/miurltemporal.com/main/triatletasenred.sport.es\/wp-json\/wp\/v2\/posts\/49012"}],"collection":[{"href":"https:\/\/miurltemporal.com/main/triatletasenred.sport.es\/wp-json\/wp\/v2\/posts"}],"about":[{"href":"https:\/\/miurltemporal.com/main/triatletasenred.sport.es\/wp-json\/wp\/v2\/types\/post"}],"author":[{"embeddable":true,"href":"https:\/\/miurltemporal.com/main/triatletasenred.sport.es\/wp-json\/wp\/v2\/users\/23"}],"replies":[{"embeddable":true,"href":"https:\/\/miurltemporal.com/main/triatletasenred.sport.es\/wp-json\/wp\/v2\/comments?post=49012"}],"version-history":[{"count":0,"href":"https:\/\/miurltemporal.com/main/triatletasenred.sport.es\/wp-json\/wp\/v2\/posts\/49012\/revisions"}],"wp:featuredmedia":[{"embeddable":true,"href":"https:\/\/miurltemporal.com/main/triatletasenred.sport.es\/wp-json\/wp\/v2\/media\/49014"}],"wp:attachment":[{"href":"https:\/\/miurltemporal.com/main/triatletasenred.sport.es\/wp-json\/wp\/v2\/media?parent=49012"}],"wp:term":[{"taxonomy":"category","embeddable":true,"href":"https:\/\/miurltemporal.com/main/triatletasenred.sport.es\/wp-json\/wp\/v2\/categories?post=49012"},{"taxonomy":"post_tag","embeddable":true,"href":"https:\/\/miurltemporal.com/main/triatletasenred.sport.es\/wp-json\/wp\/v2\/tags?post=49012"}],"curies":[{"name":"wp","href":"https:\/\/api.w.org\/{rel}","templated":true}]}}