{"id":48797,"date":"2016-11-29T00:27:43","date_gmt":"2016-11-28T22:27:43","guid":{"rendered":"http:\/\/triatletasenred.com\/?p=48797"},"modified":"2016-11-29T16:48:52","modified_gmt":"2016-11-29T14:48:52","slug":"zarauzko-triatloia-2017","status":"publish","type":"post","link":"https:\/\/miurltemporal.com/main/triatletasenred.sport.es\/actualidad\/zarauzko-triatloia-2017\/","title":{"rendered":"El Zarauzko Triatloia ya tiene fecha para 2017"},"content":{"rendered":"<h3 style=\"text-align: justify;\">Ya sabemos la fecha de la XXXI edici\u00f3n del triatl\u00f3n de media distancia m\u00e1s prestigioso del pa\u00eds. El s\u00e1bado 10 de junio la bonita localidad vasca volver\u00e1 a acoger centenares de triatletas en una prueba que evoluciona y sigue entusiasmando.<\/h3>\n<p style=\"text-align: justify;\">No sabemos si el Rey Midas de este Triatl\u00f3n de Zarautz, <strong>Eneko Llanos<\/strong>, volver\u00e1 a enfundarse el neopreno en Getaria con la intenci\u00f3n de sumar una nueva txapela. O si <strong>Fernando Alarza<\/strong> intentar\u00e1 llevarse su primera victoria tras su \u00a0debut de este a\u00f1o. O si volver\u00e1n a saltar chispas entre las mujeres candidatas al t\u00edtulo. Lo que s\u00ed sabemos seguro es que <strong>centenares de triatletas<\/strong> volver\u00e1n a participar en una cita ineludible para todo buen amante de este deporte.<\/p>\n<p style=\"text-align: justify;\">Tras una XXX edici\u00f3n del Zarauzko Triatloia espectacular, la organizaci\u00f3n ya ha anunciado que ser\u00e1 el s\u00e1bado 10 de junio cuando se celebrar\u00e1 una nueva edici\u00f3n. Ya sab\u00e9is, ese d\u00eda donde <strong>tradici\u00f3n, circuitos duros y ambiente atronador<\/strong> se juntan en el mismo momento en el mismo lugar. Y de ah\u00ed sale una prueba que, como opinan muchos, es obligado que todo triatleta popular haga una vez en su vida.<\/p>\n<p><img fetchpriority=\"high\" decoding=\"async\" class=\"size-full wp-image-44622\" src=\"https:\/\/miurltemporal.com/main/triatletasenred.sport.es\/wp-content\/uploads\/BANNER_750x150px_TRI.gif\" alt=\"2XU TRI\" width=\"750\" height=\"150\" \/><\/p>\n<p style=\"text-align: justify;\">A la espera de tener m\u00e1s noticias, como la fecha de apertura de inscripciones, todos los interesados ya pod\u00e9is anotar en vuestro calendario que <strong>el 10 de junio ten\u00e9is una cita<\/strong>.\u00a0Y qu\u00e9 cita.<\/p>\n","protected":false},"excerpt":{"rendered":"<p>Ya sabemos la fecha de la XXXI edici\u00f3n del triatl\u00f3n de media distancia m\u00e1s prestigioso del pa\u00eds. El s\u00e1bado 10 de junio la bonita localidad vasca volver\u00e1 a acoger centenares de triatletas en una prueba que evoluciona y sigue entusiasmando. No sabemos si el Rey Midas de este Triatl\u00f3n de Zarautz, Eneko Llanos, volver\u00e1 a [&hellip;]<\/p>\n","protected":false},"author":23,"featured_media":48799,"comment_status":"closed","ping_status":"closed","sticky":false,"template":"","format":"standard","meta":{"_acf_changed":false,"rank_math_lock_modified_date":false,"footnotes":""},"categories":[17],"tags":[597,727,716],"class_list":{"0":"post-48797","1":"post","2":"type-post","3":"status-publish","4":"format-standard","5":"has-post-thumbnail","7":"category-actualidad","8":"tag-eneko-llanos","9":"tag-triatlon-de-zarautz","10":"tag-zarauzko-triatloia"},"acf":[],"_links":{"self":[{"href":"https:\/\/miurltemporal.com/main/triatletasenred.sport.es\/wp-json\/wp\/v2\/posts\/48797"}],"collection":[{"href":"https:\/\/miurltemporal.com/main/triatletasenred.sport.es\/wp-json\/wp\/v2\/posts"}],"about":[{"href":"https:\/\/miurltemporal.com/main/triatletasenred.sport.es\/wp-json\/wp\/v2\/types\/post"}],"author":[{"embeddable":true,"href":"https:\/\/miurltemporal.com/main/triatletasenred.sport.es\/wp-json\/wp\/v2\/users\/23"}],"replies":[{"embeddable":true,"href":"https:\/\/miurltemporal.com/main/triatletasenred.sport.es\/wp-json\/wp\/v2\/comments?post=48797"}],"version-history":[{"count":0,"href":"https:\/\/miurltemporal.com/main/triatletasenred.sport.es\/wp-json\/wp\/v2\/posts\/48797\/revisions"}],"wp:featuredmedia":[{"embeddable":true,"href":"https:\/\/miurltemporal.com/main/triatletasenred.sport.es\/wp-json\/wp\/v2\/media\/48799"}],"wp:attachment":[{"href":"https:\/\/miurltemporal.com/main/triatletasenred.sport.es\/wp-json\/wp\/v2\/media?parent=48797"}],"wp:term":[{"taxonomy":"category","embeddable":true,"href":"https:\/\/miurltemporal.com/main/triatletasenred.sport.es\/wp-json\/wp\/v2\/categories?post=48797"},{"taxonomy":"post_tag","embeddable":true,"href":"https:\/\/miurltemporal.com/main/triatletasenred.sport.es\/wp-json\/wp\/v2\/tags?post=48797"}],"curies":[{"name":"wp","href":"https:\/\/api.w.org\/{rel}","templated":true}]}}