{"id":48761,"date":"2016-11-28T17:03:03","date_gmt":"2016-11-28T15:03:03","guid":{"rendered":"http:\/\/triatletasenred.com\/?p=48761"},"modified":"2016-11-28T19:42:52","modified_gmt":"2016-11-28T17:42:52","slug":"triatlo-terres-lebre-expansion-abre-inscripciones","status":"publish","type":"post","link":"https:\/\/miurltemporal.com/main/triatletasenred.sport.es\/actualidad\/triatlo-terres-lebre-expansion-abre-inscripciones\/","title":{"rendered":"Un Triatl\u00f3 Terres de l&#8217;Ebre en expansi\u00f3n abre inscripciones el jueves"},"content":{"rendered":"<h3 style=\"text-align: justify;\">Una de las pruebas de referencia del calendario, a celebrar el 23 de abril de 2017, vuelve a escena con los mismos rasgos identificativos\u00a0de siempre. A partir del jueves ya podr\u00e9is\u00a0apuntaros a una cita ineludible.<\/h3>\n<p style=\"text-align: justify;\">Para muchos triatletas es <strong>su primer test de media distancia<\/strong>\u00a0del a\u00f1o, cuando justo est\u00e1 empezando a arrancar la temporada de triatl\u00f3n. Para otros, una oportunidad para disputar <strong>una distancia at\u00edpica<\/strong> como es la doble ol\u00edmpica. Para otros, una buena ocasi\u00f3n para disfrutar de una prueba sin aglomeraciones y con una <strong>organizaci\u00f3n cercana y familiar<\/strong>.<\/p>\n<p style=\"text-align: justify;\"><img fetchpriority=\"high\" decoding=\"async\" class=\"alignright\" src=\"https:\/\/scontent-mad1-1.xx.fbcdn.net\/t31.0-8\/s960x960\/15110888_1264502933608217_4140602575414460747_o.jpg\" alt=\"\" width=\"265\" height=\"374\" \/>Todos ellos participan en la misma carrera, el Triatl\u00f3 Terres de l&#8217;Ebre, que en 2017 celebrar\u00e1 su s\u00e9ptima edici\u00f3n en plena expansi\u00f3n. Con el pueblo de <strong>Sant Carles de la R\u00e0pita<\/strong> como punto neur\u00e1lgico, la prueba acogi\u00f3 en esta pasada edici\u00f3n el Campeonato de Catalunya de Media Distancia y va creciendo edici\u00f3n tras edici\u00f3n, agotando dorsales y contando con participantes fieles.<\/p>\n<p style=\"text-align: justify;\">As\u00ed pues, la s\u00e9ptima edici\u00f3n echa a andar con la <strong>apertura de inscripciones<\/strong>. Todos los que quer\u00e1is podr\u00e9is aseguraros un dorsal a partir de este jueves 1 de diciembre a las 10h de la ma\u00f1ana. Para los m\u00e1s r\u00e1pidos habr\u00e1 premio, ya que podr\u00e1n disfrutar de un precio reducido de 24h hasta el viernes 2 a las 10h, cuando se instalar\u00e1n\u00a0los precios <em>est\u00e1ndar<\/em>.<\/p>\n<p><strong><em>Precio reducido<\/em>\u00a0<\/strong><\/p>\n<p>[Jueves 01\/12\u00a0a las 10h &#8211; Viernes 02\/12 a las 10h]<\/p>\n<ul>\n<li>Federados &#8211; 90\u20ac<\/li>\n<li>No federados &#8211; 102\u20ac<\/li>\n<\/ul>\n<p><strong><em>Precio est\u00e1ndar <\/em><\/strong><\/p>\n<p>[A partir del Viernes 02\/12 a las 10h]<\/p>\n<ul>\n<li>Federados &#8211; 110\u20ac<\/li>\n<li>No federados &#8211; 122\u20ac<\/li>\n<\/ul>\n<p>Un a\u00f1o m\u00e1s, en <em>Triatletas en Red<\/em>\u00a0realizaremos una cobertura especial de la prueba desde esta misma semana y hasta el mes de abril, cuando se celebre la s\u00e9ptima edici\u00f3n. No os la perd\u00e1is.<\/p>\n<p style=\"text-align: justify;\"><a class=\"vc_btn vc_btn-default vc_btn-sm vc_btn_square \" href=\"http:\/\/www.swimnolimits.com\/ultimate\" rel=\"nofollow noopener\" target=\"_blank\">P\u00e1gina web del Triatl\u00f3 Terres de l&#8217;Ebre<\/a><\/p>\n","protected":false},"excerpt":{"rendered":"<p>Una de las pruebas de referencia del calendario, a celebrar el 23 de abril de 2017, vuelve a escena con los mismos rasgos identificativos\u00a0de siempre. A partir del jueves ya podr\u00e9is\u00a0apuntaros a una cita ineludible. Para muchos triatletas es su primer test de media distancia\u00a0del a\u00f1o, cuando justo est\u00e1 empezando a arrancar la temporada de [&hellip;]<\/p>\n","protected":false},"author":23,"featured_media":48763,"comment_status":"closed","ping_status":"closed","sticky":false,"template":"","format":"standard","meta":{"_acf_changed":false,"rank_math_lock_modified_date":false,"footnotes":""},"categories":[17],"tags":[4172,3767],"class_list":{"0":"post-48761","1":"post","2":"type-post","3":"status-publish","4":"format-standard","5":"has-post-thumbnail","7":"category-actualidad","8":"tag-javi-padrosa","9":"tag-triatlo-terres-de-lebre"},"acf":[],"_links":{"self":[{"href":"https:\/\/miurltemporal.com/main/triatletasenred.sport.es\/wp-json\/wp\/v2\/posts\/48761"}],"collection":[{"href":"https:\/\/miurltemporal.com/main/triatletasenred.sport.es\/wp-json\/wp\/v2\/posts"}],"about":[{"href":"https:\/\/miurltemporal.com/main/triatletasenred.sport.es\/wp-json\/wp\/v2\/types\/post"}],"author":[{"embeddable":true,"href":"https:\/\/miurltemporal.com/main/triatletasenred.sport.es\/wp-json\/wp\/v2\/users\/23"}],"replies":[{"embeddable":true,"href":"https:\/\/miurltemporal.com/main/triatletasenred.sport.es\/wp-json\/wp\/v2\/comments?post=48761"}],"version-history":[{"count":0,"href":"https:\/\/miurltemporal.com/main/triatletasenred.sport.es\/wp-json\/wp\/v2\/posts\/48761\/revisions"}],"wp:featuredmedia":[{"embeddable":true,"href":"https:\/\/miurltemporal.com/main/triatletasenred.sport.es\/wp-json\/wp\/v2\/media\/48763"}],"wp:attachment":[{"href":"https:\/\/miurltemporal.com/main/triatletasenred.sport.es\/wp-json\/wp\/v2\/media?parent=48761"}],"wp:term":[{"taxonomy":"category","embeddable":true,"href":"https:\/\/miurltemporal.com/main/triatletasenred.sport.es\/wp-json\/wp\/v2\/categories?post=48761"},{"taxonomy":"post_tag","embeddable":true,"href":"https:\/\/miurltemporal.com/main/triatletasenred.sport.es\/wp-json\/wp\/v2\/tags?post=48761"}],"curies":[{"name":"wp","href":"https:\/\/api.w.org\/{rel}","templated":true}]}}