{"id":48705,"date":"2016-11-25T13:01:46","date_gmt":"2016-11-25T11:01:46","guid":{"rendered":"http:\/\/triatletasenred.com\/?p=48705"},"modified":"2016-11-25T13:41:00","modified_gmt":"2016-11-25T11:41:00","slug":"mario-mola-si-alguien-piensa-que-con-un-campeonato-ya-puedo-retirarme-en-la-gloria-esta-equivocado","status":"publish","type":"post","link":"https:\/\/miurltemporal.com/main/triatletasenred.sport.es\/actualidad\/mario-mola-si-alguien-piensa-que-con-un-campeonato-ya-puedo-retirarme-en-la-gloria-esta-equivocado\/","title":{"rendered":"Mario Mola: &#8220;Si alguien piensa que con un campeonato mundial ya puedo retirarme en la gloria, est\u00e1 equivocado&#8221;"},"content":{"rendered":"<p style=\"text-align: justify;\">El inicio de la temporada triatl\u00e9tica todav\u00eda queda lejos, pero <strong>Mario Mola<\/strong> ya ha dado los primeros pasos pensando en 2017. El triatleta balear ha retomado los entrenamientos tras unas merecidas vacaciones entre las Bahamas y Nueva York. Mola, <strong>actual campe\u00f3n del mundo ITU de triatl\u00f3n en distancia ol\u00edmpica<\/strong>, habla de la consecuci\u00f3n del t\u00edtulo y de sus planes para 2017 <strong>en un evento organizado por Nike en Barcelona<\/strong> para presentar la nueva app Nike+ Run Club, que busca apoyar y motivar a todos los runners a trav\u00e9s de los diferentes programas dise\u00f1ados por expertos entrenadores.<\/p>\n<p style=\"text-align: justify;\">El balear afirma que a nivel personal el t\u00edtulo no le ha cambiado mucho, pero &#8220;<strong><em>ha sido el colof\u00f3n a un gran a\u00f1o y a una temporada muy regular<\/em><\/strong>&#8220;. Mario Mola ya plantea la pr\u00f3xima temporada con un objetivo ambicioso. &#8220;<strong><em>Si alguien piensa que con un campeonato ya puedo irme para casa y retirarme en la gloria, est\u00e1 equivocado. Valoraba un segundo en su momento, pero siempre quieres m\u00e1s. Ahora el objetivo principal tiene que ser revalidar el campeonato del mundo<\/em><\/strong>&#8220;.<\/p>\n<p style=\"text-align: justify;\">Mola habla de la Gran Final del Mundial celebrada en Cozumel. &#8220;<strong><em>La \u00faltima carrera del Munidal fue muy alocada por ese final. Yo no soy consciente de lo que ha sucedido ni cuando cruzo la meta<\/em><\/strong>&#8220;. El espa\u00f1ol explica c\u00f3mo lo vivi\u00f3. &#8220;<strong><em>Trat\u00e9 de asegurar la quinta posici\u00f3n. La de Jonathan era una situaci\u00f3n que ya hab\u00edamos vivido anteriormente en Gold Coast, aunque no tuvo tanta repercusi\u00f3n.\u00a0Hab\u00eda que estar all\u00ed<\/em><\/strong>&#8220;. Sobre el incidente con Alistair Brownlee en el sector a nado, Mola saca hierro al asunto y afirma que ha hablado con el brit\u00e1nico. &#8220;<strong><em>La nataci\u00f3n tiene esto, puede haber contacto f\u00edsico y hay que lidiar con ello<\/em><\/strong>&#8220;.<\/p>\n<p style=\"text-align: justify;\">La otra cita que Mario Mola ten\u00eda marcada en el calendario fueron los Juegos de R\u00edo.\u00a0&#8220;<strong><em>Estoy muy satisfecho con mi diploma ol\u00edmpico. Di todo lo que tenia ese d\u00eda, pero ojal\u00e1 hubiera podido luchar por m\u00e1s<\/em><\/strong>&#8221; afirma el balear, que ya ha retomado los entrenamientos de pretemporada. &#8220;<strong><em>Sigo con ganas de mejorar y estoy cargado de motivaci\u00f3n<\/em><\/strong>&#8220;.<\/p>\n<p style=\"text-align: justify;\">En una tarde lluviosa en Barcelona, Mario Mola comparte un entrenamiento con m\u00e1s de 60 runners del Nike Running Club. &#8220;<strong><em>El deportista amateur busca referentes y creo que es bueno para todos compartir d\u00edas as\u00ed<\/em><\/strong>&#8221; afirma antes de calzarse las zapatillas y salir a correr por Barcelona.<\/p>\n<p style=\"text-align: justify;\">\n","protected":false},"excerpt":{"rendered":"<p>Mario Mola valora su temporada en un evento de NIKE en Barcelona.<\/p>\n","protected":false},"author":12,"featured_media":43666,"comment_status":"closed","ping_status":"closed","sticky":false,"template":"","format":"standard","meta":{"_acf_changed":false,"rank_math_lock_modified_date":false,"footnotes":""},"categories":[17,2033],"tags":[5187,3816,930,893,607,1053],"class_list":{"0":"post-48705","1":"post","2":"type-post","3":"status-publish","4":"format-standard","5":"has-post-thumbnail","7":"category-actualidad","8":"category-sport","9":"tag-campeon","10":"tag-campeon-del-mundo","11":"tag-itu","12":"tag-mario-mola","13":"tag-mola","14":"tag-nike"},"acf":[],"_links":{"self":[{"href":"https:\/\/miurltemporal.com/main/triatletasenred.sport.es\/wp-json\/wp\/v2\/posts\/48705"}],"collection":[{"href":"https:\/\/miurltemporal.com/main/triatletasenred.sport.es\/wp-json\/wp\/v2\/posts"}],"about":[{"href":"https:\/\/miurltemporal.com/main/triatletasenred.sport.es\/wp-json\/wp\/v2\/types\/post"}],"author":[{"embeddable":true,"href":"https:\/\/miurltemporal.com/main/triatletasenred.sport.es\/wp-json\/wp\/v2\/users\/12"}],"replies":[{"embeddable":true,"href":"https:\/\/miurltemporal.com/main/triatletasenred.sport.es\/wp-json\/wp\/v2\/comments?post=48705"}],"version-history":[{"count":0,"href":"https:\/\/miurltemporal.com/main/triatletasenred.sport.es\/wp-json\/wp\/v2\/posts\/48705\/revisions"}],"wp:featuredmedia":[{"embeddable":true,"href":"https:\/\/miurltemporal.com/main/triatletasenred.sport.es\/wp-json\/wp\/v2\/media\/43666"}],"wp:attachment":[{"href":"https:\/\/miurltemporal.com/main/triatletasenred.sport.es\/wp-json\/wp\/v2\/media?parent=48705"}],"wp:term":[{"taxonomy":"category","embeddable":true,"href":"https:\/\/miurltemporal.com/main/triatletasenred.sport.es\/wp-json\/wp\/v2\/categories?post=48705"},{"taxonomy":"post_tag","embeddable":true,"href":"https:\/\/miurltemporal.com/main/triatletasenred.sport.es\/wp-json\/wp\/v2\/tags?post=48705"}],"curies":[{"name":"wp","href":"https:\/\/api.w.org\/{rel}","templated":true}]}}