{"id":47890,"date":"2016-10-13T07:25:17","date_gmt":"2016-10-13T05:25:17","guid":{"rendered":"http:\/\/triatletasenred.com\/?p=47890"},"modified":"2016-10-13T07:25:17","modified_gmt":"2016-10-13T05:25:17","slug":"la-juez-deja-libertad-al-conductor-drogado-mato-ciclista-roses-girona","status":"publish","type":"post","link":"https:\/\/miurltemporal.com/main/triatletasenred.sport.es\/actualidad\/la-juez-deja-libertad-al-conductor-drogado-mato-ciclista-roses-girona\/","title":{"rendered":"La Juez deja en libertad al conductor drogado que mat\u00f3 a un ciclista en Roses (Girona)"},"content":{"rendered":"<p style=\"text-align: justify;\">No es la primera vez que damos un titular similar, por desgracia. El que os escribe no es abogado pero tengo un m\u00ednimo de sentido com\u00fan, pero la noticia es que, tras ser acusado de homicidio imprudente tras dar positivo por coca\u00edna en el test de drogas, Frederic Boher, de 38 a\u00f1os de edad y con antecedentes policiales en Francia, est\u00e1 hoy en libertad mientras que una familia est\u00e1 encerrada en la tristeza para toda su vida.<\/p>\n<p style=\"text-align: justify;\"><img fetchpriority=\"high\" decoding=\"async\" class=\"alignleft\" src=\"http:\/\/img.kaloo.ga\/thumb?url=http%3A%2F%2Ffotos02.diaridegirona.cat%2F2016%2F10%2F10%2F646x260%2Ffotospropies20161009195505.jpg&amp;md5val=37072eaff9f9e6e34424eac95dabdba0&amp;key=1268f6b8b9eaf63bd2638c0a3a3e05d376575904&amp;method=fill&amp;size=1044x458\" alt=\"\" width=\"363\" height=\"159\" \/>Los hechos sucedieron, seg\u00fan el Diari de Girona, la tarde del domingo en la localidad gerundense de Roses. La policia detuvo al conductor tras atropellar a un ciclista belga de 61 a\u00f1os y dar positivo en el control de drogas.<\/p>\n<p style=\"text-align: justify;\">Pocas horas despu\u00e9s y tras pasar a disposici\u00f3n judicial en el juzgado de instrucci\u00f3n n\u00famero 2 de Figueres, la titular del juzgado dejo en libertad provisional al conductor drogado a pesar de ser acusado formalmente de homicidio imprudente y por conducir bajo los efectos de las drogas mientras la propia Juez ped\u00eda una ampliaci\u00f3n del atestado para aclarar como sucedi\u00f3 el accidente mortal.<\/p>\n<p>\u00bfVosotros lo entend\u00e9is? Porque yo no.<\/p>\n","protected":false},"excerpt":{"rendered":"<p>No es la primera vez que damos un titular similar, por desgracia. El que os escribe no es abogado pero tengo un m\u00ednimo de sentido com\u00fan, pero la noticia es que, tras ser acusado de homicidio imprudente tras dar positivo por coca\u00edna en el test de drogas, Frederic Boher, de 38 a\u00f1os de edad y [&hellip;]<\/p>\n","protected":false},"author":2,"featured_media":39265,"comment_status":"closed","ping_status":"closed","sticky":false,"template":"","format":"standard","meta":{"_acf_changed":false,"rank_math_lock_modified_date":false,"footnotes":""},"categories":[17],"tags":[4484],"class_list":{"0":"post-47890","1":"post","2":"type-post","3":"status-publish","4":"format-standard","5":"has-post-thumbnail","7":"category-actualidad","8":"tag-respeto-al-ciclista"},"acf":[],"_links":{"self":[{"href":"https:\/\/miurltemporal.com/main/triatletasenred.sport.es\/wp-json\/wp\/v2\/posts\/47890"}],"collection":[{"href":"https:\/\/miurltemporal.com/main/triatletasenred.sport.es\/wp-json\/wp\/v2\/posts"}],"about":[{"href":"https:\/\/miurltemporal.com/main/triatletasenred.sport.es\/wp-json\/wp\/v2\/types\/post"}],"author":[{"embeddable":true,"href":"https:\/\/miurltemporal.com/main/triatletasenred.sport.es\/wp-json\/wp\/v2\/users\/2"}],"replies":[{"embeddable":true,"href":"https:\/\/miurltemporal.com/main/triatletasenred.sport.es\/wp-json\/wp\/v2\/comments?post=47890"}],"version-history":[{"count":0,"href":"https:\/\/miurltemporal.com/main/triatletasenred.sport.es\/wp-json\/wp\/v2\/posts\/47890\/revisions"}],"wp:featuredmedia":[{"embeddable":true,"href":"https:\/\/miurltemporal.com/main/triatletasenred.sport.es\/wp-json\/wp\/v2\/media\/39265"}],"wp:attachment":[{"href":"https:\/\/miurltemporal.com/main/triatletasenred.sport.es\/wp-json\/wp\/v2\/media?parent=47890"}],"wp:term":[{"taxonomy":"category","embeddable":true,"href":"https:\/\/miurltemporal.com/main/triatletasenred.sport.es\/wp-json\/wp\/v2\/categories?post=47890"},{"taxonomy":"post_tag","embeddable":true,"href":"https:\/\/miurltemporal.com/main/triatletasenred.sport.es\/wp-json\/wp\/v2\/tags?post=47890"}],"curies":[{"name":"wp","href":"https:\/\/api.w.org\/{rel}","templated":true}]}}