{"id":47790,"date":"2016-10-09T02:31:31","date_gmt":"2016-10-09T00:31:31","guid":{"rendered":"http:\/\/triatletasenred.com\/?p=47790"},"modified":"2016-10-09T18:20:14","modified_gmt":"2016-10-09T16:20:14","slug":"jan-frodeno-revalida-corona-ironman-kona","status":"publish","type":"post","link":"https:\/\/miurltemporal.com/main/triatletasenred.sport.es\/actualidad\/jan-frodeno-revalida-corona-ironman-kona\/","title":{"rendered":"Jan Frodeno revalida su corona en IRONMAN Kona"},"content":{"rendered":"<p style=\"text-align: justify\">El campe\u00f3n ha vuelto a coronarse. Jan Frodeno repite victoria en Hawaii tras una exhibici\u00f3n en la carrera a pie. Ni las duras condiciones de Kona\u00a0ni los rivales han podido con el alem\u00e1n en la prueba que corona al mejor del momento en larga distancia. Una exhibici\u00f3n a pie ha llevado a Frodeno a cruzar primero la meta en Ali&#8217;i Drive con un tiempo de 8:06:30 horas. Por detr\u00e1s, un podio cien por cien alem\u00e1n con Sebastian Kienle y Patrick Lange acompa\u00f1ando al campe\u00f3n. Iv\u00e1n Ra\u00f1a fue el mejor espa\u00f1ol en meta, donde entr\u00f3 noveno tras una dura pugna final con Frederik Van Lierde.<\/p>\n<p style=\"text-align: justify\">En triatl\u00f3n de larga distancia no juegan once contra once pero siempre ganan los alemanes. Esa es la frase que resume a la perfecci\u00f3n los \u00faltimos tres a\u00f1os de dominio germano en Kona. Kienle en 2014 y Frodeno por partida doble en 2015 y 2016. Este s\u00e1bado as\u00ed ha sido. Sebastian Kienle y Jan Frodeno dominaron la carrera hasta que el alem\u00e1n afincado en Girona dio el golpe de efecto definitivo. En una carrera a pie que daba s\u00edntomas de repetir la &#8216;Ironwar&#8217; entre Dave Scott y Mark Allen, Jan Frodeno impuso su potente ritmo a pie y dej\u00f3 a Kienle atr\u00e1s a base de zancadas. El alem\u00e1n lograba deshacerse de su compatriota antes de llegar a la media marat\u00f3n. Afrontaba la parte final de la carrera con todo a favor para revalidar t\u00edtulo. Y as\u00ed lo hizo. Jan Frodeno consegu\u00eda su segundo triunfo en Ali&#8217;i Drive con un tiempo de 8:06:30 horas de carrera. Un recital de poder\u00edo.<\/p>\n<p style=\"text-align: justify\">Entre los espa\u00f1oles, Iv\u00e1n Ra\u00f1a fue el mejor. Estuvo cerca de repetir su mejor resultado en Kona (sexto en 2013) y finalmente entr\u00f3 en el top10 con una novena posici\u00f3n conseguida tras avanzar a Frederik Van Lierde en el \u00faltimo suspiro. El sector de ciclismo se le hizo largo al gallego, que remont\u00f3 a pie para acabar noveno. Eneko Llanos, que cuaj\u00f3 unos enormes parciales de nataci\u00f3n y ciclismo, yendo incluso en el grupo de cabeza durante la primera parte de la prueba, acab\u00f3 en el top30. La carrera a pie pas\u00f3 factura a un vitoriano que sigue dando alegr\u00edas a sus 39 a\u00f1os.<\/p>\n<p style=\"text-align: justify\">\n<p style=\"text-align: justify\"><a href=\"https:\/\/miurltemporal.com/main/triatletasenred.sport.es\/wp-content\/uploads\/banner_pw_750x150_v1.jpg\"><img fetchpriority=\"high\" decoding=\"async\" class=\"aligncenter size-full wp-image-47368\" src=\"https:\/\/miurltemporal.com/main/triatletasenred.sport.es\/wp-content\/uploads\/banner_pw_750x150_v1.jpg\" alt=\"banner_pw_750x150_v1\" width=\"750\" height=\"150\" \/><\/a><\/p>\n","protected":false},"excerpt":{"rendered":"<p>El alem\u00e1n revalida el t\u00edtulo tras una impresionante carrera a pie.<\/p>\n","protected":false},"author":12,"featured_media":39069,"comment_status":"closed","ping_status":"closed","sticky":false,"template":"","format":"standard","meta":{"_acf_changed":false,"rank_math_lock_modified_date":false,"footnotes":""},"categories":[17],"tags":[4831,3891,404,4150,1936,372,923],"class_list":{"0":"post-47790","1":"post","2":"type-post","3":"status-publish","4":"format-standard","5":"has-post-thumbnail","7":"category-actualidad","8":"tag-frodeno","9":"tag-frodo","10":"tag-ironman","11":"tag-jan","12":"tag-jan-frodeno","13":"tag-kona","14":"tag-triathlon"},"acf":[],"_links":{"self":[{"href":"https:\/\/miurltemporal.com/main/triatletasenred.sport.es\/wp-json\/wp\/v2\/posts\/47790"}],"collection":[{"href":"https:\/\/miurltemporal.com/main/triatletasenred.sport.es\/wp-json\/wp\/v2\/posts"}],"about":[{"href":"https:\/\/miurltemporal.com/main/triatletasenred.sport.es\/wp-json\/wp\/v2\/types\/post"}],"author":[{"embeddable":true,"href":"https:\/\/miurltemporal.com/main/triatletasenred.sport.es\/wp-json\/wp\/v2\/users\/12"}],"replies":[{"embeddable":true,"href":"https:\/\/miurltemporal.com/main/triatletasenred.sport.es\/wp-json\/wp\/v2\/comments?post=47790"}],"version-history":[{"count":0,"href":"https:\/\/miurltemporal.com/main/triatletasenred.sport.es\/wp-json\/wp\/v2\/posts\/47790\/revisions"}],"wp:featuredmedia":[{"embeddable":true,"href":"https:\/\/miurltemporal.com/main/triatletasenred.sport.es\/wp-json\/wp\/v2\/media\/39069"}],"wp:attachment":[{"href":"https:\/\/miurltemporal.com/main/triatletasenred.sport.es\/wp-json\/wp\/v2\/media?parent=47790"}],"wp:term":[{"taxonomy":"category","embeddable":true,"href":"https:\/\/miurltemporal.com/main/triatletasenred.sport.es\/wp-json\/wp\/v2\/categories?post=47790"},{"taxonomy":"post_tag","embeddable":true,"href":"https:\/\/miurltemporal.com/main/triatletasenred.sport.es\/wp-json\/wp\/v2\/tags?post=47790"}],"curies":[{"name":"wp","href":"https:\/\/api.w.org\/{rel}","templated":true}]}}