{"id":47632,"date":"2016-10-04T06:34:43","date_gmt":"2016-10-04T04:34:43","guid":{"rendered":"http:\/\/triatletasenred.com\/?p=47632"},"modified":"2016-10-03T21:55:34","modified_gmt":"2016-10-03T19:55:34","slug":"disfruta-las-mejores-imagenes-ironman-mallorca-campeonato-espana-clubes","status":"publish","type":"post","link":"https:\/\/miurltemporal.com/main/triatletasenred.sport.es\/actualidad\/disfruta-las-mejores-imagenes-ironman-mallorca-campeonato-espana-clubes\/","title":{"rendered":"Disfruta las mejores im\u00e1genes de Ironman Mallorca y el Campeonato de Espa\u00f1a de Clubes"},"content":{"rendered":"<p style=\"text-align: justify;\">Hace unos d\u00edas, el canal tem\u00e1tico <em><strong>Teledeporte<\/strong><\/em> nos ofreci\u00f3, una vez m\u00e1s, interesante\u00a0contenido de triatl\u00f3n, como viene haciendo de forma regular estos \u00faltimos tiempos. Esta vez, fue una raci\u00f3n doble de reportaje audiovisual ya que el fin de semana del 24 y 25 de septiembre tuvimos dos citas importantes en cuanto a triatl\u00f3n espa\u00f1ol se refiere.<\/p>\n<p style=\"text-align: justify;\">Por un lado, el <strong>Campeonato de Espa\u00f1a de Triatl\u00f3n por Clubes<\/strong> que se celebr\u00f3 en Gij\u00f3n y que siempre ofrece mucho espect\u00e1culo, desde la categor\u00eda promoci\u00f3n a 1\u00ba Divisi\u00f3n. Y, por otro, una nueva edici\u00f3n de <strong>Ironman Mallorca<\/strong>, que esta vez fue muy propicia para los intereses espa\u00f1oles con la victoria de Carlos L\u00f3pez y el tercer puesto de Gustavo Rodr\u00edguez.<\/p>\n<p style=\"text-align: justify;\">As\u00ed pues, pincha en\u00a0la siguiente imagen para disfrutar de estos dos reportajes.<\/p>\n<p style=\"text-align: justify;\"><strong>\u00a1DALE AL PLAY!<\/strong><\/p>\n<p><a href=\"http:\/\/www.rtve.es\/alacarta\/videos\/triatlon\/triatlon-campeonato-espana-clubes-gijon-ironman-mallorca\/3739057\/\" target=\"_blank\" rel=\"nofollow noopener\"><img fetchpriority=\"high\" decoding=\"async\" class=\"aligncenter wp-image-47633\" src=\"https:\/\/miurltemporal.com/main/triatletasenred.sport.es\/wp-content\/uploads\/carlos-1.jpg\" alt=\"carlos 1\" width=\"507\" height=\"338\" srcset=\"https:\/\/miurltemporal.com/main/triatletasenred.sport.es\/wp-content\/uploads\/carlos-1.jpg 960w, https:\/\/miurltemporal.com/main/triatletasenred.sport.es\/wp-content\/uploads\/carlos-1-700x467.jpg 700w, https:\/\/miurltemporal.com/main/triatletasenred.sport.es\/wp-content\/uploads\/carlos-1-300x200.jpg 300w\" sizes=\"(max-width: 507px) 100vw, 507px\" \/><\/a><\/p>\n<p><span style=\"color: #ffffff;\">cjnvtnjtvvnj<\/span><\/p>\n<p><a href=\"https:\/\/miurltemporal.com/main/triatletasenred.sport.es\/wp-content\/uploads\/skechers-im-patro.jpg\"><img decoding=\"async\" class=\"aligncenter wp-image-47055\" src=\"https:\/\/miurltemporal.com/main/triatletasenred.sport.es\/wp-content\/uploads\/skechers-im-patro-1024x205.jpg\" alt=\"skechers im patro\" width=\"662\" height=\"133\" srcset=\"https:\/\/miurltemporal.com/main/triatletasenred.sport.es\/wp-content\/uploads\/skechers-im-patro-1024x205.jpg 1024w, https:\/\/miurltemporal.com/main/triatletasenred.sport.es\/wp-content\/uploads\/skechers-im-patro-scaled-700x140.jpg 700w, https:\/\/miurltemporal.com/main/triatletasenred.sport.es\/wp-content\/uploads\/skechers-im-patro-300x60.jpg 300w\" sizes=\"(max-width: 662px) 100vw, 662px\" \/><\/a><\/p>\n","protected":false},"excerpt":{"rendered":"<p>Hace unos d\u00edas, el canal tem\u00e1tico Teledeporte nos ofreci\u00f3, una vez m\u00e1s, interesante\u00a0contenido de triatl\u00f3n, como viene haciendo de forma regular estos \u00faltimos tiempos. Esta vez, fue una raci\u00f3n doble de reportaje audiovisual ya que el fin de semana del 24 y 25 de septiembre tuvimos dos citas importantes en cuanto a triatl\u00f3n espa\u00f1ol se [&hellip;]<\/p>\n","protected":false},"author":23,"featured_media":47634,"comment_status":"closed","ping_status":"closed","sticky":false,"template":"","format":"standard","meta":{"_acf_changed":false,"rank_math_lock_modified_date":false,"footnotes":""},"categories":[17],"tags":[5046,668,2718],"class_list":{"0":"post-47632","1":"post","2":"type-post","3":"status-publish","4":"format-standard","5":"has-post-thumbnail","8":"tag-campeonato-de-espana-de-triatlon-por-clubes","9":"tag-ironman-mallorca","10":"tag-teledeporte"},"acf":[],"_links":{"self":[{"href":"https:\/\/miurltemporal.com/main/triatletasenred.sport.es\/wp-json\/wp\/v2\/posts\/47632"}],"collection":[{"href":"https:\/\/miurltemporal.com/main/triatletasenred.sport.es\/wp-json\/wp\/v2\/posts"}],"about":[{"href":"https:\/\/miurltemporal.com/main/triatletasenred.sport.es\/wp-json\/wp\/v2\/types\/post"}],"author":[{"embeddable":true,"href":"https:\/\/miurltemporal.com/main/triatletasenred.sport.es\/wp-json\/wp\/v2\/users\/23"}],"replies":[{"embeddable":true,"href":"https:\/\/miurltemporal.com/main/triatletasenred.sport.es\/wp-json\/wp\/v2\/comments?post=47632"}],"version-history":[{"count":0,"href":"https:\/\/miurltemporal.com/main/triatletasenred.sport.es\/wp-json\/wp\/v2\/posts\/47632\/revisions"}],"wp:featuredmedia":[{"embeddable":true,"href":"https:\/\/miurltemporal.com/main/triatletasenred.sport.es\/wp-json\/wp\/v2\/media\/47634"}],"wp:attachment":[{"href":"https:\/\/miurltemporal.com/main/triatletasenred.sport.es\/wp-json\/wp\/v2\/media?parent=47632"}],"wp:term":[{"taxonomy":"category","embeddable":true,"href":"https:\/\/miurltemporal.com/main/triatletasenred.sport.es\/wp-json\/wp\/v2\/categories?post=47632"},{"taxonomy":"post_tag","embeddable":true,"href":"https:\/\/miurltemporal.com/main/triatletasenred.sport.es\/wp-json\/wp\/v2\/tags?post=47632"}],"curies":[{"name":"wp","href":"https:\/\/api.w.org\/{rel}","templated":true}]}}