{"id":47591,"date":"2016-09-29T23:26:41","date_gmt":"2016-09-29T21:26:41","guid":{"rendered":"http:\/\/triatletasenred.com\/?p=47591"},"modified":"2016-09-29T23:26:41","modified_gmt":"2016-09-29T21:26:41","slug":"revive-la-victoria-david-castro-salinas","status":"publish","type":"post","link":"https:\/\/miurltemporal.com/main/triatletasenred.sport.es\/en-red\/revive-la-victoria-david-castro-salinas\/","title":{"rendered":"Revive la victoria de David Castro en Salinas"},"content":{"rendered":"<p style=\"text-align: justify;\">Unos d\u00edas despu\u00e9s de la gran victoria de David Castro en la <strong>Copa del Mundo ITU de Salinas<\/strong>, en tierras ecuatorianas, ya podemos ver las mejores im\u00e1genes de la carrera de la mano de la propia ITU. Un v\u00eddeo donde vemos de forma r\u00e1pida c\u00f3mo se desarroll\u00f3 la prueba del pasado domingo, disputada en distancia sprint, y que acab\u00f3 de la mejor forma (por suerte para nuestros intereses).<\/p>\n<p style=\"text-align: justify;\"><a href=\"https:\/\/miurltemporal.com/main/triatletasenred.sport.es\/wp-content\/uploads\/skechers-im-patro.jpg\"><img fetchpriority=\"high\" decoding=\"async\" class=\"aligncenter wp-image-47055\" src=\"https:\/\/miurltemporal.com/main/triatletasenred.sport.es\/wp-content\/uploads\/skechers-im-patro-1024x205.jpg\" alt=\"skechers im patro\" width=\"672\" height=\"135\" srcset=\"https:\/\/miurltemporal.com/main/triatletasenred.sport.es\/wp-content\/uploads\/skechers-im-patro-1024x205.jpg 1024w, https:\/\/miurltemporal.com/main/triatletasenred.sport.es\/wp-content\/uploads\/skechers-im-patro-scaled-700x140.jpg 700w, https:\/\/miurltemporal.com/main/triatletasenred.sport.es\/wp-content\/uploads\/skechers-im-patro-300x60.jpg 300w\" sizes=\"(max-width: 672px) 100vw, 672px\" \/><\/a><\/p>\n<p style=\"text-align: justify;\">Disfruta ya del <strong>vibrante<\/strong>\u00a0<strong>sprint final<\/strong> donde el triatleta de La Roda super\u00f3 al estadounidense\u00a0Matthew Mcelroy y al\u00a0mexicano Crisanto Grajales\u00a0en la misma recta de llegada.<\/p>\n<p>\u00a1DALE AL PLAY!<\/p>\n<div class=\"youtube-embed\" data-video_id=\"V809Hq2dIg4\"><iframe title=\"2016 Salinas ITU World Cup - Elite Men&#039;s Highlights\" width=\"696\" height=\"392\" src=\"https:\/\/www.youtube.com\/embed\/V809Hq2dIg4?feature=oembed&#038;enablejsapi=1\" frameborder=\"0\" allow=\"accelerometer; autoplay; encrypted-media; gyroscope; picture-in-picture\" allowfullscreen><\/iframe><\/div>\n","protected":false},"excerpt":{"rendered":"<p>Unos d\u00edas despu\u00e9s de la gran victoria de David Castro en la Copa del Mundo ITU de Salinas, en tierras ecuatorianas, ya podemos ver las mejores im\u00e1genes de la carrera de la mano de la propia ITU. Un v\u00eddeo donde vemos de forma r\u00e1pida c\u00f3mo se desarroll\u00f3 la prueba del pasado domingo, disputada en distancia [&hellip;]<\/p>\n","protected":false},"author":23,"featured_media":47592,"comment_status":"closed","ping_status":"closed","sticky":false,"template":"","format":"standard","meta":{"_acf_changed":false,"rank_math_lock_modified_date":false,"footnotes":""},"categories":[16],"tags":[5043,1966,930],"class_list":{"0":"post-47591","1":"post","2":"type-post","3":"status-publish","4":"format-standard","5":"has-post-thumbnail","7":"category-en-red","8":"tag-copa-del-mundo-salinas","9":"tag-david-castro","10":"tag-itu"},"acf":[],"_links":{"self":[{"href":"https:\/\/miurltemporal.com/main/triatletasenred.sport.es\/wp-json\/wp\/v2\/posts\/47591"}],"collection":[{"href":"https:\/\/miurltemporal.com/main/triatletasenred.sport.es\/wp-json\/wp\/v2\/posts"}],"about":[{"href":"https:\/\/miurltemporal.com/main/triatletasenred.sport.es\/wp-json\/wp\/v2\/types\/post"}],"author":[{"embeddable":true,"href":"https:\/\/miurltemporal.com/main/triatletasenred.sport.es\/wp-json\/wp\/v2\/users\/23"}],"replies":[{"embeddable":true,"href":"https:\/\/miurltemporal.com/main/triatletasenred.sport.es\/wp-json\/wp\/v2\/comments?post=47591"}],"version-history":[{"count":0,"href":"https:\/\/miurltemporal.com/main/triatletasenred.sport.es\/wp-json\/wp\/v2\/posts\/47591\/revisions"}],"wp:featuredmedia":[{"embeddable":true,"href":"https:\/\/miurltemporal.com/main/triatletasenred.sport.es\/wp-json\/wp\/v2\/media\/47592"}],"wp:attachment":[{"href":"https:\/\/miurltemporal.com/main/triatletasenred.sport.es\/wp-json\/wp\/v2\/media?parent=47591"}],"wp:term":[{"taxonomy":"category","embeddable":true,"href":"https:\/\/miurltemporal.com/main/triatletasenred.sport.es\/wp-json\/wp\/v2\/categories?post=47591"},{"taxonomy":"post_tag","embeddable":true,"href":"https:\/\/miurltemporal.com/main/triatletasenred.sport.es\/wp-json\/wp\/v2\/tags?post=47591"}],"curies":[{"name":"wp","href":"https:\/\/api.w.org\/{rel}","templated":true}]}}