{"id":47455,"date":"2016-09-23T11:05:00","date_gmt":"2016-09-23T09:05:00","guid":{"rendered":"http:\/\/triatletasenred.com\/?p=47455"},"modified":"2016-09-23T11:05:00","modified_gmt":"2016-09-23T09:05:00","slug":"aterriza-nuevo-desafio-donana-apunta-la-consolidacion","status":"publish","type":"post","link":"https:\/\/miurltemporal.com/main/triatletasenred.sport.es\/actualidad\/aterriza-nuevo-desafio-donana-apunta-la-consolidacion\/","title":{"rendered":"Aterriza un nuevo Desaf\u00edo Do\u00f1ana que apunta a la consolidaci\u00f3n"},"content":{"rendered":"<h3 style=\"text-align: justify;\">Ma\u00f1ana Sanl\u00facar de Barrameda acoger\u00e1 m\u00e1s participantes que nunca (m\u00e1s de 500) en una edici\u00f3n r\u00e9cord del Desaf\u00edo Do\u00f1ana. Una edici\u00f3n marcada por algunas novedades y con el mismo sello de siempre. Una edici\u00f3n que apunta a la consagraci\u00f3n.<\/h3>\n<p style=\"text-align: justify;\">La VII edici\u00f3n de esta prueba dura y diferente de Andaluc\u00eda se celebrar\u00e1 ma\u00f1ana con algo m\u00e1s de 540 participantes, superando nuevamente cifras r\u00e9cord de inscritos. Un a\u00f1o que viene marcado, por ejemplo, por la <strong>novedad del circuito ciclista<\/strong>, donde la organizaci\u00f3n ha decidido ampliar el n\u00famero de kil\u00f3metros y pasar de 90 a 100.<\/p>\n<p style=\"text-align: justify;\">Montarse en bici es lo primero que har\u00e1n los triatletas, para despu\u00e9s lanzarse al agua a completar 1.000 metros y posteriormente cerrar la prueba corriendo 30 kil\u00f3metros. \u00bfSuena raro el orden verdad? Es, de hecho, uno de los principales rasgos distintivos de la prueba, esa <strong>inversi\u00f3n de los sectores<\/strong> que hace que Desaf\u00edo Do\u00f1ana sea una carrera diferente.<\/p>\n<p style=\"text-align: justify;\"><img decoding=\"async\" class=\"aligncenter\" src=\"https:\/\/miurltemporal.com/main/triatletasenred.sport.es\/wp-content\/uploads\/desafiodonana_250x150px-banner.gif\" alt=\"\" width=\"250\" height=\"150\" \/><\/p>\n<p style=\"text-align: justify;\">En un recorrido que discurre por parajes como la desembocadura del r\u00edo Guadalquivir y el <strong>Parque Nacional de Do\u00f1ana<\/strong>, la prueba cuenta este a\u00f1o con 377 inscritos que participar\u00e1n en categor\u00eda individual (casi un 23% m\u00e1s que el a\u00f1o pasado), y el resto (165) lo har\u00e1n integrados en 55 grupos de relevos.<\/p>\n<p style=\"text-align: justify;\"><img fetchpriority=\"high\" decoding=\"async\" class=\"alignleft\" src=\"http:\/\/www.desafiodonana.com\/sites\/default\/files\/jj_ubeda_desafio_donana_2015_-_048_0.jpg\" alt=\"\" width=\"414\" height=\"276\" \/>Precisamente, ante unas distancias tan exigentes como \u00e9stas, el hecho de poder colgarse un dorsal en formato relevos favorece y facilita la participaci\u00f3n de m\u00e1s personas. Las distancias a afrontar para ellos son las mismas excepto en el sector de nataci\u00f3n, que completan 2,8 kil\u00f3metros.<\/p>\n<p style=\"text-align: justify;\">Entre los candidatos a la victoria, en categor\u00eda masculina destacan especialmente <strong>tres grandes deportistas<\/strong> con plenas opciones de llevarse el t\u00edtulo.<\/p>\n<p style=\"text-align: justify;\">El campe\u00f3n del mundo de duatl\u00f3n y natural de Huelva, <strong>Emilio Mart\u00edn<\/strong>; el madrile\u00f1o <strong>Alejandro Santamar\u00eda<\/strong>, triatleta de larga distancia que ya gan\u00f3 Do\u00f1ana en 2011; y el sevillano <strong>Sergio Cruz<\/strong>, defensor del t\u00edtulo y que, de hecho, es el vencedor de las dos \u00faltimas ediciones.<\/p>\n<p style=\"text-align: justify;\">Por su parte, en mujeres hay una triatleta que a priori est\u00e1 un escal\u00f3n por encima del resto, la malague\u00f1a <strong>Mar\u00eda Bravo<\/strong>, que gan\u00f3 el a\u00f1o pasado. Para todos los ganadores hay preparado un suculento bote en premios de 13.700\u20ac.<\/p>\n<p style=\"text-align: justify;\">Y la fiesta en Desaf\u00edo Do\u00f1ana la redondear\u00e1n los m\u00e1s peque\u00f1os en el llamado <strong>MiniDesaf\u00edo<\/strong>, un acuatl\u00f3n en el que participar\u00e1n unos 300 menores de entre 7 y 17 a\u00f1os en categor\u00edas que van de prebenjam\u00ednes hasta cadetes.<\/p>\n","protected":false},"excerpt":{"rendered":"<p>Ma\u00f1ana Sanl\u00facar de Barrameda acoger\u00e1 m\u00e1s participantes que nunca (m\u00e1s de 500) en una edici\u00f3n r\u00e9cord del Desaf\u00edo Do\u00f1ana. Una edici\u00f3n marcada por algunas novedades y con el mismo sello de siempre. Una edici\u00f3n que apunta a la consagraci\u00f3n. La VII edici\u00f3n de esta prueba dura y diferente de Andaluc\u00eda se celebrar\u00e1 ma\u00f1ana con algo [&hellip;]<\/p>\n","protected":false},"author":23,"featured_media":38715,"comment_status":"closed","ping_status":"closed","sticky":false,"template":"","format":"standard","meta":{"_acf_changed":false,"rank_math_lock_modified_date":false,"footnotes":""},"categories":[17],"tags":[3190,2562,4190,4191,5038],"class_list":{"0":"post-47455","1":"post","2":"type-post","3":"status-publish","4":"format-standard","5":"has-post-thumbnail","7":"category-actualidad","8":"tag-desafio-donana","9":"tag-emilio-martin","10":"tag-fatri","11":"tag-federacion-andaluza-de-triatlon","12":"tag-maria-bravo"},"acf":[],"_links":{"self":[{"href":"https:\/\/miurltemporal.com/main/triatletasenred.sport.es\/wp-json\/wp\/v2\/posts\/47455"}],"collection":[{"href":"https:\/\/miurltemporal.com/main/triatletasenred.sport.es\/wp-json\/wp\/v2\/posts"}],"about":[{"href":"https:\/\/miurltemporal.com/main/triatletasenred.sport.es\/wp-json\/wp\/v2\/types\/post"}],"author":[{"embeddable":true,"href":"https:\/\/miurltemporal.com/main/triatletasenred.sport.es\/wp-json\/wp\/v2\/users\/23"}],"replies":[{"embeddable":true,"href":"https:\/\/miurltemporal.com/main/triatletasenred.sport.es\/wp-json\/wp\/v2\/comments?post=47455"}],"version-history":[{"count":0,"href":"https:\/\/miurltemporal.com/main/triatletasenred.sport.es\/wp-json\/wp\/v2\/posts\/47455\/revisions"}],"wp:featuredmedia":[{"embeddable":true,"href":"https:\/\/miurltemporal.com/main/triatletasenred.sport.es\/wp-json\/wp\/v2\/media\/38715"}],"wp:attachment":[{"href":"https:\/\/miurltemporal.com/main/triatletasenred.sport.es\/wp-json\/wp\/v2\/media?parent=47455"}],"wp:term":[{"taxonomy":"category","embeddable":true,"href":"https:\/\/miurltemporal.com/main/triatletasenred.sport.es\/wp-json\/wp\/v2\/categories?post=47455"},{"taxonomy":"post_tag","embeddable":true,"href":"https:\/\/miurltemporal.com/main/triatletasenred.sport.es\/wp-json\/wp\/v2\/tags?post=47455"}],"curies":[{"name":"wp","href":"https:\/\/api.w.org\/{rel}","templated":true}]}}