{"id":47425,"date":"2016-09-22T12:17:29","date_gmt":"2016-09-22T10:17:29","guid":{"rendered":"http:\/\/triatletasenred.com\/?p=47425"},"modified":"2016-09-22T23:57:45","modified_gmt":"2016-09-22T21:57:45","slug":"javi-gomez-noya-ver-a-un-competidor-en-esas-condiciones-es-algo-muy-duro","status":"publish","type":"post","link":"https:\/\/miurltemporal.com/main/triatletasenred.sport.es\/actualidad\/javi-gomez-noya-ver-a-un-competidor-en-esas-condiciones-es-algo-muy-duro\/","title":{"rendered":"Javi G\u00f3mez Noya: &#8220;Ver a un competidor en esas condiciones es algo muy duro&#8221;"},"content":{"rendered":"<p style=\"text-align: justify;\">El pentacampe\u00f3n del mundo Javi G\u00f3mez Noya habla claro tras lo vivido en Cozumel. En declaraciones recogidas por El Confidencial, el triatleta gallego afirma que la situaci\u00f3n que protagonizaron los hermanos Brownlee &#8220;<em>claro que puede ser peligrosa<\/em>&#8221; a\u00f1adiendo que nadie sab\u00eda cu\u00e1l era el estado f\u00edsico del brit\u00e1nico en ese momento. G\u00f3mez Noya cree que Jonathan sobrepas\u00f3 su l\u00edmite &#8220;<em>como ya le hab\u00eda pasado anteriormente alguna vez<\/em>&#8221; y el balear tuvo la oportunidad de coronarse como campe\u00f3n del mundo.<\/p>\n<p style=\"text-align: justify;\">Preguntado por si hubiera hecho lo mismo al encontrarse en esa situaci\u00f3n, el espa\u00f1ol responde que &#8220;<em>quiz\u00e1 s\u00ed, aunque tendr\u00eda que verme en esa situaci\u00f3n<\/em>&#8221; explica. Adem\u00e1s, a\u00f1ade que para nada disfrut\u00f3 de lo que le ocurri\u00f3 a Jonathan Brownlee.\u00a0&#8220;<em>Yo sufro, sea quien sea. Ver a un competidor en esas condiciones es algo muy duro, porque no sabes realmente c\u00f3mo est\u00e1. No sabes si es un peque\u00f1o mareo, una deshidrataci\u00f3n o puede ser algo m\u00e1s serio<\/em>&#8221; afirma en declaraciones a El Confidencial.<\/p>\n<p style=\"text-align: justify;\"><img fetchpriority=\"high\" decoding=\"async\" class=\"aligncenter\" src=\"https:\/\/miurltemporal.com/main/triatletasenred.sport.es\/wp-content\/uploads\/STS-2016-Banner-500x100-MALAGA-GIJON-GETXO-v2.gif\" alt=\"\" width=\"500\" height=\"100\" \/><\/p>\n<p style=\"text-align: justify;\">La hora de la prueba tambi\u00e9n es un punto cr\u00edtico para G\u00f3mez Noya. El gallego cree que la prueba se tendr\u00eda que haber disputado a otra hora. &#8220;<em>Eso en un marat\u00f3n es impensable. Cuando se corre en sitios c\u00e1lidos, se sale a primera hora de la ma\u00f1ana, cuando la temperatura es un poco m\u00e1s favorabl<\/em>e&#8221; zanja.<\/p>\n","protected":false},"excerpt":{"rendered":"<p>El pentacampe\u00f3n espa\u00f1ol habl\u00f3 de lo ocurrido en Cozumel.<\/p>\n","protected":false},"author":12,"featured_media":35346,"comment_status":"closed","ping_status":"closed","sticky":false,"template":"","format":"standard","meta":{"_acf_changed":false,"rank_math_lock_modified_date":false,"footnotes":""},"categories":[17],"tags":[5035,4399,4473],"class_list":{"0":"post-47425","1":"post","2":"type-post","3":"status-publish","4":"format-standard","5":"has-post-thumbnail","7":"category-actualidad","8":"tag-calor-hiumedad","9":"tag-gomez-noya","10":"tag-series-mundiales"},"acf":[],"_links":{"self":[{"href":"https:\/\/miurltemporal.com/main/triatletasenred.sport.es\/wp-json\/wp\/v2\/posts\/47425"}],"collection":[{"href":"https:\/\/miurltemporal.com/main/triatletasenred.sport.es\/wp-json\/wp\/v2\/posts"}],"about":[{"href":"https:\/\/miurltemporal.com/main/triatletasenred.sport.es\/wp-json\/wp\/v2\/types\/post"}],"author":[{"embeddable":true,"href":"https:\/\/miurltemporal.com/main/triatletasenred.sport.es\/wp-json\/wp\/v2\/users\/12"}],"replies":[{"embeddable":true,"href":"https:\/\/miurltemporal.com/main/triatletasenred.sport.es\/wp-json\/wp\/v2\/comments?post=47425"}],"version-history":[{"count":0,"href":"https:\/\/miurltemporal.com/main/triatletasenred.sport.es\/wp-json\/wp\/v2\/posts\/47425\/revisions"}],"wp:featuredmedia":[{"embeddable":true,"href":"https:\/\/miurltemporal.com/main/triatletasenred.sport.es\/wp-json\/wp\/v2\/media\/35346"}],"wp:attachment":[{"href":"https:\/\/miurltemporal.com/main/triatletasenred.sport.es\/wp-json\/wp\/v2\/media?parent=47425"}],"wp:term":[{"taxonomy":"category","embeddable":true,"href":"https:\/\/miurltemporal.com/main/triatletasenred.sport.es\/wp-json\/wp\/v2\/categories?post=47425"},{"taxonomy":"post_tag","embeddable":true,"href":"https:\/\/miurltemporal.com/main/triatletasenred.sport.es\/wp-json\/wp\/v2\/tags?post=47425"}],"curies":[{"name":"wp","href":"https:\/\/api.w.org\/{rel}","templated":true}]}}