{"id":47356,"date":"2016-09-20T09:18:34","date_gmt":"2016-09-20T07:18:34","guid":{"rendered":"http:\/\/triatletasenred.com\/?p=47356"},"modified":"2016-09-20T12:52:40","modified_gmt":"2016-09-20T10:52:40","slug":"mario-mola-alistair-no-me-dio-la-enhorabuena-jonathan-si","status":"publish","type":"post","link":"https:\/\/miurltemporal.com/main/triatletasenred.sport.es\/actualidad\/mario-mola-alistair-no-me-dio-la-enhorabuena-jonathan-si\/","title":{"rendered":"Mario Mola: &#8220;Alistair no me dio la enhorabuena, Jonathan s\u00ed&#8221;"},"content":{"rendered":"<p style=\"text-align: justify;\">El triatleta espa\u00f1ol Mario Mola, recientemente proclamado campe\u00f3n del mundo de triatl\u00f3n en Cozumel, fue contundente con la actitud del mayor de los hermanos Brownlee. El balear pas\u00f3 por los micr\u00f3fonos de El Partidazo de Cope horas despu\u00e9s de llevarse el t\u00edtulo mundial.<\/p>\n<p style=\"text-align: justify;\">Mola coment\u00f3 las duras condiciones de carrera por el tremendo calor y las elevadas temperaturas.&#8221;Era una condici\u00f3n a tener en cuenta&#8221; comentaba el mallorqu\u00edn. Un factor que a la postre fuera decisivo y que nuestro Mario control\u00f3 obviamente mejor.<\/p>\n<p style=\"text-align: justify;\">Mola\u00a0explic\u00f3 que durante el tramo de la nataci\u00f3n alguien le quit\u00f3 las gafas y el gorro.\u00a0&#8220;<em>No s\u00e9 quien me quito el gorro y las gafas en el tramo de nataci\u00f3n, pero estoy casi seguro que fue el mayor de los Brownlee. Cuando sucedi\u00f3 mir\u00e9 a mi izquierda de donde vino la acci\u00f3n y era Alistair quien estaba ah\u00ed. \u00a0<\/em>&#8220;. Y a\u00f1ad\u00eda que\u00a0\u201c<em>quiero pensar que como me dijera \u00e9l al final de carrera no fue intencionado, pero en el caso de que lo fuese, creo que era totalmente innecesario<\/em>&#8220;.<\/p>\n<p style=\"text-align: justify;\">Mola afirm\u00f3 que no tiene mala relaci\u00f3n con Jonathan Brownlee, que acab\u00f3 segundo en el campeonato.\u00a0&#8220;<em>Despu\u00e9s de terminar Jonathan Brownlee\u00a0me dio la enhorabuena. Con \u00e9l siempre he tenido muy buena relaci\u00f3n. Alistair, no me la dio<\/em>&#8221; explicaba a los oyentes de El Partidazo.<\/p>\n<p style=\"text-align: justify;\"><a href=\"http:\/\/www.fitnessdigital.com\/?ct=381&amp;utm_source=trired&amp;utm_medium=partnership&amp;utm_content=es&amp;utm_campaign=trired_compexsp8_blog_partnership\" rel=\"nofollow noopener\" target=\"_blank\"><img fetchpriority=\"high\" decoding=\"async\" class=\"size-full wp-image-46851 aligncenter\" src=\"https:\/\/miurltemporal.com/main/triatletasenred.sport.es\/wp-content\/uploads\/banner-pulsometros-fitnessdigital.jpg\" alt=\"banner-pulsometros-fitnessdigital\" width=\"700\" height=\"150\" \/><\/a>La Gran Final le ha dado una lecci\u00f3n al propio Mola, que cuando cruz\u00f3 la meta no sab\u00eda que era campe\u00f3n del mundo.\u00a0&#8220;<em>Esta carrera ha demostrado que hasta el final no hay nada decidido, no hay que tirar la toalla aunque las cosas pinten mal<\/em>&#8220;.<\/p>\n<p style=\"text-align: justify;\">Sobre el gesto de los hermanos Brownlee que ha dado la vuelta al mundo a\u00f1adi\u00f3 que\u00a0&#8220;<em>no tengo nada que decir, aunque ha podido perjudicar a Fernando Alarza<\/em>&#8221; conclu\u00eda.<\/p>\n<p style=\"text-align: justify;\">Puedes escuchar el programa completo aqu\u00ed:<\/p>\n<p><iframe id=\"audio_12971659\" style=\"border: 1px solid #EEE; box-sizing: border-box; width: 100%;\" src=\"https:\/\/www.ivoox.com\/player_ej_12971659_4_1.html?c1=ff6600\" width=\"300\" height=\"200\" frameborder=\"0\" scrolling=\"no\" allowfullscreen=\"allowfullscreen\"><\/iframe><\/p>\n","protected":false},"excerpt":{"rendered":"<p>El balear pas\u00f3 por los micr\u00f3fonos de COPE y explic\u00f3 lo vivido en Cozumel.<\/p>\n","protected":false},"author":12,"featured_media":47357,"comment_status":"closed","ping_status":"closed","sticky":false,"template":"","format":"standard","meta":{"_acf_changed":false,"rank_math_lock_modified_date":false,"footnotes":""},"categories":[17],"tags":[2630,5025,893,5026],"class_list":{"0":"post-47356","1":"post","2":"type-post","3":"status-publish","4":"format-standard","5":"has-post-thumbnail","9":"tag-jonhatan-brownlee","10":"tag-mario-mola","11":"tag-partidezo-de-la-cope"},"acf":[],"_links":{"self":[{"href":"https:\/\/miurltemporal.com/main/triatletasenred.sport.es\/wp-json\/wp\/v2\/posts\/47356"}],"collection":[{"href":"https:\/\/miurltemporal.com/main/triatletasenred.sport.es\/wp-json\/wp\/v2\/posts"}],"about":[{"href":"https:\/\/miurltemporal.com/main/triatletasenred.sport.es\/wp-json\/wp\/v2\/types\/post"}],"author":[{"embeddable":true,"href":"https:\/\/miurltemporal.com/main/triatletasenred.sport.es\/wp-json\/wp\/v2\/users\/12"}],"replies":[{"embeddable":true,"href":"https:\/\/miurltemporal.com/main/triatletasenred.sport.es\/wp-json\/wp\/v2\/comments?post=47356"}],"version-history":[{"count":0,"href":"https:\/\/miurltemporal.com/main/triatletasenred.sport.es\/wp-json\/wp\/v2\/posts\/47356\/revisions"}],"wp:featuredmedia":[{"embeddable":true,"href":"https:\/\/miurltemporal.com/main/triatletasenred.sport.es\/wp-json\/wp\/v2\/media\/47357"}],"wp:attachment":[{"href":"https:\/\/miurltemporal.com/main/triatletasenred.sport.es\/wp-json\/wp\/v2\/media?parent=47356"}],"wp:term":[{"taxonomy":"category","embeddable":true,"href":"https:\/\/miurltemporal.com/main/triatletasenred.sport.es\/wp-json\/wp\/v2\/categories?post=47356"},{"taxonomy":"post_tag","embeddable":true,"href":"https:\/\/miurltemporal.com/main/triatletasenred.sport.es\/wp-json\/wp\/v2\/tags?post=47356"}],"curies":[{"name":"wp","href":"https:\/\/api.w.org\/{rel}","templated":true}]}}