{"id":47305,"date":"2016-09-19T23:48:30","date_gmt":"2016-09-19T21:48:30","guid":{"rendered":"http:\/\/triatletasenred.com\/?p=47305"},"modified":"2016-09-19T23:48:30","modified_gmt":"2016-09-19T21:48:30","slug":"la-swim-lestartit-ultima-cita-la-copa-swim-no-limits","status":"publish","type":"post","link":"https:\/\/miurltemporal.com/main/triatletasenred.sport.es\/competiciones\/travesias-mar-abierto\/la-swim-lestartit-ultima-cita-la-copa-swim-no-limits\/","title":{"rendered":"La Swim L&#8217;Estartit, \u00faltima cita de la Copa Swim No Limits"},"content":{"rendered":"<h3 style=\"text-align: justify;\">El pr\u00f3ximo domingo 25 de septiembre se dar\u00e1 salida a la \u00faltima de las pruebas de la Swim No Limits. Siguiendo la misma filosof\u00eda de siempre, la maravillosa localidad de L&#8217;Estartit ser\u00e1 el escenario escogido para la ocasi\u00f3n.<\/h3>\n<p style=\"text-align: justify;\">En plena\u00a0Costa Brava. La Swim L&#8217;Estartit nos presenta un recorrido dentro del Parque Natural de &#8220;<strong>Les Illes Medes<\/strong>&#8220;, donde los nadadores podr\u00e1n gozar de unas aguas cristalinas recorriendo <strong>5 kil\u00f3metros<\/strong>\u00a0y pasando por las calas m\u00e1s caracter\u00edsticas de la zona.\u00a0Partiendo de Cala Ferriol (5K) rodearemos islotes, pasaremos alrededor de cuevas naturales y visualizaremos un fondo marino \u00fanico.<\/p>\n<p style=\"text-align: justify;\">El recorrido que har\u00e1n los nadadores ser\u00e1 desde Cala Ferriol, atravesando la cueva natural &#8220;La Foradada&#8221;, hacia el paso natural de la playa Pedrosa-Illa de la Pedrosa. Luego, avanzar\u00e1n a Cap d&#8217;Oltrera, pasando por la &#8220;Illa del Dui&#8221;, Golfet del Falaguer, Punta de es Sardines, Cala Calella hasta llegar a la playa peque\u00f1a del puerto de L&#8217;Estartit.<\/p>\n<p><img decoding=\"async\" class=\"aligncenter\" src=\"https:\/\/miurltemporal.com/main/triatletasenred.sport.es\/wp-content\/uploads\/BANNER-HOME_EMPURIABRAVA1.jpg\" alt=\"\" width=\"270\" height=\"150\" \/><\/p>\n<p style=\"text-align: justify;\">La\u00a0prueba supondr\u00e1 el<strong> pistoletazo final a\u00a0la Copa Swim No Limits <\/strong>y\u00a0los premios del campeonato se entregar\u00e1n ese mismo d\u00eda 25 de septiembre en L&#8217;Estartit. De hecho, apuntar que la presencia en la entrega de trofeos de cada participante ser\u00e1 obligatoria para todos los premiados. En el caso de no presentarse a recoger el trofeo, \u00e9ste ser\u00e1 descalificado de la copa SWIM COSTA BRAVA. En ning\u00fan caso se entregar\u00e1n trofeos posteriormente al d\u00eda mencionado.<\/p>\n<p>Actualmente, <strong>las clasificaciones<\/strong> est\u00e1n de la siguiente manera:<\/p>\n<p style=\"text-align: justify;\">Masculina sin neopreno: 1. David Rius \/ 2. Enric Pages \/ 3. Marc Casatorres<br \/>\nMasculina con neopreno: 1. George Savescu \/ 2. Pau Cuso \/ 3. Joan Francesc Morcillo<br \/>\nFemenina: 1. Sabina Martinez \/ 2. Isolda Ventura \/ 3. Estibaliz Amatrain<br \/>\nEquipos: 1. Zone 3 team \/ 2. Diversport 1 \/ 3. Diversport 2<\/p>\n<p style=\"text-align: justify;\">No pierdas la oportunidad de seguir ganando posiciones en esta competici\u00f3n y tener la posibilidad de ser uno de los premiados! Pero sin duda alguna el s\u00f3lo hecho de participar en la traves\u00eda y disfrutar de las aguas y del paisaje que nos ofrece esa localidad ya es motivo suficiente para estar en la l\u00ednea de salida el pr\u00f3ximo domingo. <strong>\u00a1An\u00edmate!<\/strong><\/p>\n<p style=\"text-align: justify;\"><a class=\"vc_btn vc_btn-default vc_btn-sm vc_btn_square \" href=\"http:\/\/www.swimnolimits.com\/estartit\" rel=\"nofollow noopener\" target=\"_blank\">P\u00e1gina web de la Swim L&#8217;Estartit<\/a><\/p>\n","protected":false},"excerpt":{"rendered":"<p>El pr\u00f3ximo domingo 25 de septiembre se dar\u00e1 salida a la \u00faltima de las pruebas de la Swim No Limits. Siguiendo la misma filosof\u00eda de siempre, la maravillosa localidad de L&#8217;Estartit ser\u00e1 el escenario escogido para la ocasi\u00f3n. En plena\u00a0Costa Brava. La Swim L&#8217;Estartit nos presenta un recorrido dentro del Parque Natural de &#8220;Les Illes [&hellip;]<\/p>\n","protected":false},"author":281,"featured_media":47320,"comment_status":"closed","ping_status":"closed","sticky":false,"template":"","format":"standard","meta":{"_acf_changed":false,"rank_math_lock_modified_date":false,"footnotes":""},"categories":[1193],"tags":[4691,5014,520],"class_list":{"0":"post-47305","1":"post","2":"type-post","3":"status-publish","4":"format-standard","5":"has-post-thumbnail","7":"category-travesias-mar-abierto","8":"tag-copa-swim-costa-brava","9":"tag-copa-swim-no-limits","10":"tag-natacion-aguas-abiertes"},"acf":[],"_links":{"self":[{"href":"https:\/\/miurltemporal.com/main/triatletasenred.sport.es\/wp-json\/wp\/v2\/posts\/47305"}],"collection":[{"href":"https:\/\/miurltemporal.com/main/triatletasenred.sport.es\/wp-json\/wp\/v2\/posts"}],"about":[{"href":"https:\/\/miurltemporal.com/main/triatletasenred.sport.es\/wp-json\/wp\/v2\/types\/post"}],"author":[{"embeddable":true,"href":"https:\/\/miurltemporal.com/main/triatletasenred.sport.es\/wp-json\/wp\/v2\/users\/281"}],"replies":[{"embeddable":true,"href":"https:\/\/miurltemporal.com/main/triatletasenred.sport.es\/wp-json\/wp\/v2\/comments?post=47305"}],"version-history":[{"count":0,"href":"https:\/\/miurltemporal.com/main/triatletasenred.sport.es\/wp-json\/wp\/v2\/posts\/47305\/revisions"}],"wp:featuredmedia":[{"embeddable":true,"href":"https:\/\/miurltemporal.com/main/triatletasenred.sport.es\/wp-json\/wp\/v2\/media\/47320"}],"wp:attachment":[{"href":"https:\/\/miurltemporal.com/main/triatletasenred.sport.es\/wp-json\/wp\/v2\/media?parent=47305"}],"wp:term":[{"taxonomy":"category","embeddable":true,"href":"https:\/\/miurltemporal.com/main/triatletasenred.sport.es\/wp-json\/wp\/v2\/categories?post=47305"},{"taxonomy":"post_tag","embeddable":true,"href":"https:\/\/miurltemporal.com/main/triatletasenred.sport.es\/wp-json\/wp\/v2\/tags?post=47305"}],"curies":[{"name":"wp","href":"https:\/\/api.w.org\/{rel}","templated":true}]}}