{"id":47065,"date":"2016-09-07T02:38:47","date_gmt":"2016-09-07T00:38:47","guid":{"rendered":"http:\/\/triatletasenred.com\/?p=47065"},"modified":"2016-09-08T07:38:45","modified_gmt":"2016-09-08T05:38:45","slug":"transiciones-podcast-triatlon-miquel-blanchart-victor-calsamiglia-cyclist-lab","status":"publish","type":"post","link":"https:\/\/miurltemporal.com/main/triatletasenred.sport.es\/actualidad\/transiciones-podcast-triatlon-miquel-blanchart-victor-calsamiglia-cyclist-lab\/","title":{"rendered":"Transiciones, tu podcast de triatl\u00f3n con Miquel Blanchart y Victor Calsamiglia (Cyclist Lab)"},"content":{"rendered":"<h3 style=\"text-align: justify;\">Vuelve transiciones una semana m\u00e1s bajo la batuta de Gomar Marchena que esta semana entrevista a Miquel Blanchart. El catal\u00e1n arranca su asalto a Kona en el IRONMAN Barcelona al que confiesa llegar en un gran momento de forma.<\/h3>\n<p style=\"text-align: justify;\">Miquel tambi\u00e9n habla de los contratiempos econ\u00f3micos que supone la no clasificaci\u00f3n para el Campeonato del Mundo IRONMAN y repasa su actualidad inmediata antes de participar en las dos pruebas IRONMAN de las que espera recaudar un buen colch\u00f3n de puntos: I<strong>RONMAN Barcelona y IRONMAN Cozumel.<\/strong><\/p>\n<p style=\"text-align: justify;\">Tratamos tambi\u00e9n de biomec\u00e1nica con uno de los nombres propios en Espa\u00f1a como es<strong> Victor Calsamiglia<\/strong>. El responsable de <a href=\"http:\/\/cyclistlab.com\" rel=\"nofollow noopener\" target=\"_blank\">Cyclist Lab <\/a>ser\u00e1 uno de los ponentes en el prestigioso <strong>Congreso Internacional de Manchester<\/strong> y nos explica su manera de entender la <strong>biomec\u00e1nica<\/strong>. Calsamiglia pas\u00f3 de violinista profesional a virtuoso de la Biomenc\u00e1nica ciclista en una curiosa transformaci\u00f3n que le lleva a ser uno de los m\u00e1ximos exponentes de esta ciencia en Europa<\/p>\n<p style=\"text-align: justify;\">Todo ello en 30 minutos de TRIATL\u00d3N \u00a1DALE AL PLAY!<\/p>\n<p style=\"text-align: justify;\"><iframe id=\"audio_12805197\" style=\"border: 1px solid #EEE; box-sizing: border-box; width: 100%;\" src=\"https:\/\/www.ivoox.com\/player_ej_12805197_4_1.html?c1=ff6600\" width=\"300\" height=\"200\" frameborder=\"0\" scrolling=\"no\" allowfullscreen=\"allowfullscreen\"><\/iframe><\/p>\n<p style=\"text-align: justify;\"><a class=\"vc_btn vc_btn-default vc_btn-sm vc_btn_square \" href=\"http:\/\/www.ivoox.com\/podcast-transiciones-tu-podcast-semanal-triatlon_sq_f1168721_1.html\" rel=\"nofollow noopener\" target=\"_blank\">Transiciones EN IVOOX<\/a><\/p>\n<p style=\"text-align: justify;\"><a class=\"vc_btn vc_btn-default vc_btn-sm vc_btn_square \" href=\"https:\/\/itunes.apple.com\/es\/podcast\/transiciones-tu-podcast-semanal\/id1001105957?mt=2&#038;ign-mpt=uo%3D4\" rel=\"nofollow noopener\" target=\"_blank\">Transiciones EN ITUNES<\/a><\/p>\n<p style=\"text-align: justify;\"><span style=\"color: #ffffff;\">jdcjnjnr<\/span><\/p>\n<p style=\"text-align: justify;\"><img fetchpriority=\"high\" decoding=\"async\" src=\"https:\/\/miurltemporal.com/main/triatletasenred.sport.es\/wp-content\/uploads\/etixx.jpg\" alt=\"\" width=\"320\" height=\"160\" \/><\/p>\n","protected":false},"excerpt":{"rendered":"<p>Vuelve transiciones una semana m\u00e1s bajo la batuta de Gomar Marchena que esta semana entrevista a Miquel Blanchart. El catal\u00e1n arranca su asalto a Kona en el IRONMAN Barcelona al que confiesa llegar en un gran momento de forma. Miquel tambi\u00e9n habla de los contratiempos econ\u00f3micos que supone la no clasificaci\u00f3n para el Campeonato del [&hellip;]<\/p>\n","protected":false},"author":2,"featured_media":34621,"comment_status":"closed","ping_status":"closed","sticky":false,"template":"","format":"standard","meta":{"_acf_changed":false,"rank_math_lock_modified_date":false,"footnotes":""},"categories":[17],"tags":[590,2099,191,3150,2261],"class_list":{"0":"post-47065","1":"post","2":"type-post","3":"status-publish","4":"format-standard","5":"has-post-thumbnail","7":"category-actualidad","8":"tag-cyclistlab","9":"tag-entrevista","10":"tag-miquel-blanchart","11":"tag-podcast","12":"tag-victor-calsamiglia"},"acf":[],"_links":{"self":[{"href":"https:\/\/miurltemporal.com/main/triatletasenred.sport.es\/wp-json\/wp\/v2\/posts\/47065"}],"collection":[{"href":"https:\/\/miurltemporal.com/main/triatletasenred.sport.es\/wp-json\/wp\/v2\/posts"}],"about":[{"href":"https:\/\/miurltemporal.com/main/triatletasenred.sport.es\/wp-json\/wp\/v2\/types\/post"}],"author":[{"embeddable":true,"href":"https:\/\/miurltemporal.com/main/triatletasenred.sport.es\/wp-json\/wp\/v2\/users\/2"}],"replies":[{"embeddable":true,"href":"https:\/\/miurltemporal.com/main/triatletasenred.sport.es\/wp-json\/wp\/v2\/comments?post=47065"}],"version-history":[{"count":0,"href":"https:\/\/miurltemporal.com/main/triatletasenred.sport.es\/wp-json\/wp\/v2\/posts\/47065\/revisions"}],"wp:featuredmedia":[{"embeddable":true,"href":"https:\/\/miurltemporal.com/main/triatletasenred.sport.es\/wp-json\/wp\/v2\/media\/34621"}],"wp:attachment":[{"href":"https:\/\/miurltemporal.com/main/triatletasenred.sport.es\/wp-json\/wp\/v2\/media?parent=47065"}],"wp:term":[{"taxonomy":"category","embeddable":true,"href":"https:\/\/miurltemporal.com/main/triatletasenred.sport.es\/wp-json\/wp\/v2\/categories?post=47065"},{"taxonomy":"post_tag","embeddable":true,"href":"https:\/\/miurltemporal.com/main/triatletasenred.sport.es\/wp-json\/wp\/v2\/tags?post=47065"}],"curies":[{"name":"wp","href":"https:\/\/api.w.org\/{rel}","templated":true}]}}