{"id":46881,"date":"2016-09-01T07:38:42","date_gmt":"2016-09-01T05:38:42","guid":{"rendered":"http:\/\/triatletasenred.com\/?p=46881"},"modified":"2016-10-05T10:28:52","modified_gmt":"2016-10-05T08:28:52","slug":"series-mundiales-edmonton","status":"publish","type":"post","link":"https:\/\/miurltemporal.com/main/triatletasenred.sport.es\/actualidad\/series-mundiales-edmonton\/","title":{"rendered":"Mario Mola defender\u00e1 su liderazgo en Series Mundiales en Edmonton"},"content":{"rendered":"<h3 style=\"text-align: justify;\">Mario Mola y Vicente Hern\u00e1ndez en categor\u00eda masculina, y Carolina Routier en categor\u00eda femenina, ser\u00e1n los \u00fanicos representantes espa\u00f1oles en la pen\u00faltima prueba de las Series Mundiales de la presente temporada.<\/h3>\n<p style=\"text-align: justify;\">La competici\u00f3n tendr\u00e1 lugar este fin de semana\u00a0en la fresca ciudad de Edmonton (Canad\u00e1).\u00a0La prueba femenina arrancar\u00e1 el domingo a las 12:06 (hora local), mientras que la prueba masculina har\u00e1 lo propio el domingo a las 14:06 (hora local).<\/p>\n<p style=\"text-align: justify;\">En categor\u00eda masculina no estar\u00e1 el flamante medalla de oro en R\u00edo 2016, <strong>Alistair Brownlee<\/strong>. S\u00ed compite su hermano, Jonathan, que parte como uno de los favoritos a la victoria final en la competici\u00f3n. <strong>Richard Murray<\/strong>, ganador en la pasada edici\u00f3n marcada por la lluvia, es otro de los grandes favoritos a un triunfo final que tambi\u00e9n puede optar el balear Mario Mola, que se fue de R\u00edo con un diploma ol\u00edmpico saldr\u00e1 con todo para conservar su liderazgo en estas prestigiosas series mundiales.<\/p>\n<p><a href=\"https:\/\/miurltemporal.com/main/triatletasenred.sport.es\/wp-content\/uploads\/desafiodonana_250x150px-banner.gif\"><img fetchpriority=\"high\" decoding=\"async\" class=\"wp-image-44789 aligncenter\" src=\"https:\/\/miurltemporal.com/main/triatletasenred.sport.es\/wp-content\/uploads\/desafiodonana_250x150px-banner.gif\" alt=\"Desafio Do\u00f1ana\" width=\"327\" height=\"196\" \/><\/a><\/p>\n<p style=\"text-align: justify;\">Aaron Royle, Vicente Hernandez, Crisanto Grajales, Ryan Sissons o Pierre Le Corre tambi\u00e9n parten con grandes opciones en la prueba canadiense, que se disputar\u00e1 sobre <strong>distancia sprint<\/strong>.<\/p>\n<p style=\"text-align: justify;\">Por su parte, en categor\u00eda femenina, la catalana <strong>Carolina Routier<\/strong> ser\u00e1 la \u00fanica representante nacional en la prueba canadiense. Flora Duffy, Jodie Stimpson, Andrea Hewitt, Katie Zaferes, Rachel Klamer, Vicky Holland o Non Stanford parten como favoritas a la victoria ante la ausencia de la campeona ol\u00edmpica Gwen Jorgensen.<\/p>\n","protected":false},"excerpt":{"rendered":"<p>Los tres espa\u00f1oles compiten este fin de semana en la prueba canadiense.<\/p>\n","protected":false},"author":12,"featured_media":43621,"comment_status":"closed","ping_status":"closed","sticky":false,"template":"","format":"standard","meta":{"_acf_changed":false,"rank_math_lock_modified_date":false,"footnotes":""},"categories":[17],"tags":[2437,893,4473,923,24,2218,4523],"class_list":{"0":"post-46881","1":"post","2":"type-post","3":"status-publish","4":"format-standard","5":"has-post-thumbnail","7":"category-actualidad","8":"tag-edmonton","9":"tag-mario-mola","10":"tag-series-mundiales","11":"tag-triathlon","12":"tag-triatlon","13":"tag-vicente-hernandez","14":"tag-wts"},"acf":[],"_links":{"self":[{"href":"https:\/\/miurltemporal.com/main/triatletasenred.sport.es\/wp-json\/wp\/v2\/posts\/46881"}],"collection":[{"href":"https:\/\/miurltemporal.com/main/triatletasenred.sport.es\/wp-json\/wp\/v2\/posts"}],"about":[{"href":"https:\/\/miurltemporal.com/main/triatletasenred.sport.es\/wp-json\/wp\/v2\/types\/post"}],"author":[{"embeddable":true,"href":"https:\/\/miurltemporal.com/main/triatletasenred.sport.es\/wp-json\/wp\/v2\/users\/12"}],"replies":[{"embeddable":true,"href":"https:\/\/miurltemporal.com/main/triatletasenred.sport.es\/wp-json\/wp\/v2\/comments?post=46881"}],"version-history":[{"count":0,"href":"https:\/\/miurltemporal.com/main/triatletasenred.sport.es\/wp-json\/wp\/v2\/posts\/46881\/revisions"}],"wp:featuredmedia":[{"embeddable":true,"href":"https:\/\/miurltemporal.com/main/triatletasenred.sport.es\/wp-json\/wp\/v2\/media\/43621"}],"wp:attachment":[{"href":"https:\/\/miurltemporal.com/main/triatletasenred.sport.es\/wp-json\/wp\/v2\/media?parent=46881"}],"wp:term":[{"taxonomy":"category","embeddable":true,"href":"https:\/\/miurltemporal.com/main/triatletasenred.sport.es\/wp-json\/wp\/v2\/categories?post=46881"},{"taxonomy":"post_tag","embeddable":true,"href":"https:\/\/miurltemporal.com/main/triatletasenred.sport.es\/wp-json\/wp\/v2\/tags?post=46881"}],"curies":[{"name":"wp","href":"https:\/\/api.w.org\/{rel}","templated":true}]}}