{"id":46873,"date":"2016-08-30T19:53:01","date_gmt":"2016-08-30T17:53:01","guid":{"rendered":"http:\/\/triatletasenred.com\/?p=46873"},"modified":"2016-09-01T09:12:58","modified_gmt":"2016-09-01T07:12:58","slug":"valencia-triatlon-2","status":"publish","type":"post","link":"https:\/\/miurltemporal.com/main/triatletasenred.sport.es\/en-red\/valencia-triatlon-2\/","title":{"rendered":"El Valencia Triatl\u00f3n, a punto de agotar inscripciones"},"content":{"rendered":"<h3 style=\"text-align: justify;\">Septiembre est\u00e1 que arde, y se nota que los triatletas no han desaprovechado este per\u00edodo de verano y est\u00e1n con muchas ganas de seguir preparando competiciones. La prueba de ello\u00a0es que el prestigioso Valencia Triatl\u00f3n supera ya los 3.000 participantes en una edici\u00f3n 2016 que promete mucha emoci\u00f3n y calidad organizativa.<\/h3>\n<p style=\"text-align: justify;\">En las pruebas del s\u00e1bado 10 de septiembre quedan <strong>menos de 50 plazas<\/strong> en supersprint masculina y <strong>apenas 125<\/strong> para la dist\u00e1ncia sprint. El Triatl\u00f3n de la Mujer tiene sus plazas agotadas y la prueba reina del domingo 11 de septiembre en modalidad ol\u00edmpica dispone de <strong>menos de 400 inscripciones<\/strong> de las 1750 que se ofertan.<\/p>\n<p style=\"text-align: justify;\">Valencia Triatl\u00f3n 2016 ya supera los 3.000 triatletas a menos de un mes del cierre de inscripciones. Sumadas las participaciones individuales, de relevos y de Aquatl\u00f3n Escolar suma m\u00e1s de 3.200 deportistas que cruzar\u00e1n la incre\u00edble meta del edificio Veles e Vents los d\u00edas 10 y 11 de septiembre.<\/p>\n<p style=\"text-align: justify;\"><img decoding=\"async\" class=\"aligncenter\" src=\"https:\/\/miurltemporal.com/main/triatletasenred.sport.es\/wp-content\/uploads\/banner-vt16-270x120.gif\" alt=\"\" width=\"324\" height=\"144\" \/><\/p>\n<p style=\"text-align: justify;\">Un \u00e9xito para la organizaci\u00f3n de 2016, que est\u00e1 cerrando los \u00faltimos detalles y ya tiene pr\u00e1cticamente todas las colaboraciones y el material del evento en marcha para la gran cita del triatl\u00f3n.<\/p>\n<p style=\"text-align: justify;\"><a href=\"https:\/\/miurltemporal.com/main/triatletasenred.sport.es\/wp-content\/uploads\/valencia-tri.jpg\"><img fetchpriority=\"high\" decoding=\"async\" class=\"alignleft wp-image-46919\" src=\"https:\/\/miurltemporal.com/main/triatletasenred.sport.es\/wp-content\/uploads\/valencia-tri.jpg\" alt=\"valencia tri\" width=\"397\" height=\"264\" srcset=\"https:\/\/miurltemporal.com/main/triatletasenred.sport.es\/wp-content\/uploads\/valencia-tri.jpg 742w, https:\/\/miurltemporal.com/main/triatletasenred.sport.es\/wp-content\/uploads\/valencia-tri-700x465.jpg 700w, https:\/\/miurltemporal.com/main/triatletasenred.sport.es\/wp-content\/uploads\/valencia-tri-300x199.jpg 300w\" sizes=\"(max-width: 397px) 100vw, 397px\" \/><\/a>En cuanto a n\u00famero de inscritos, encabeza el ranking de pruebas nacionales, lo que convertir\u00eda a Valencia Triatl\u00f3n en el <strong>triatl\u00f3n m\u00e1s numeroso de Espa\u00f1a<\/strong> en espera del cierre de inscripciones el pr\u00f3ximo 2 de septiembre y la celebraci\u00f3n de otras pruebas en grandes ciudades en oto\u00f1o.<\/p>\n<p style=\"text-align: justify;\">Sin duda, hay satisfacci\u00f3n en la Federaci\u00f3n de Triatl\u00f3n de la Comunidad Valenciana por la promoci\u00f3n del triatl\u00f3n en la ciudad de Valencia, la gran acogida de todos los deportistas y por lograr convertir esta edici\u00f3n 2016 en un \u201cTriatl\u00f3n para Todos\u201d.<\/p>\n<p>Las inscripciones del <strong>Aquatl\u00f3n escolar<\/strong> son gratuitas y se pueden inscribir todos los ni\u00f1os con licencia de los \u201cXXXIV JJDD Vialterra de la Comunidad Valenciana\u201d.\u00a0Para los deportistas adultos quedan disponibles plazas en modalidades supersprint masculina, sprint y ol\u00edmpica entrando a la p\u00e1gina\u00a0<a href=\"http:\/\/www.valenciatriatlon.com\/\" rel=\"nofollow noopener\" target=\"_blank\">www.valenciatriatlon.com<\/a>.<\/p>\n<p><strong>\u00a1No dejes pasar esta oportunidad y s\u00famate al Valencia Triatl\u00f3n!<\/strong><\/p>\n","protected":false},"excerpt":{"rendered":"<p>Septiembre est\u00e1 que arde, y se nota que los triatletas no han desaprovechado este per\u00edodo de verano y est\u00e1n con muchas ganas de seguir preparando competiciones. La prueba de ello\u00a0es que el prestigioso Valencia Triatl\u00f3n supera ya los 3.000 participantes en una edici\u00f3n 2016 que promete mucha emoci\u00f3n y calidad organizativa. En las pruebas del [&hellip;]<\/p>\n","protected":false},"author":281,"featured_media":44946,"comment_status":"closed","ping_status":"closed","sticky":false,"template":"","format":"standard","meta":{"_acf_changed":false,"rank_math_lock_modified_date":false,"footnotes":""},"categories":[16],"tags":[822,980,4959,1077],"class_list":{"0":"post-46873","1":"post","2":"type-post","3":"status-publish","4":"format-standard","5":"has-post-thumbnail","7":"category-en-red","8":"tag-olimpico","9":"tag-sprint","10":"tag-supersprint","11":"tag-valencia-triatlon"},"acf":[],"_links":{"self":[{"href":"https:\/\/miurltemporal.com/main/triatletasenred.sport.es\/wp-json\/wp\/v2\/posts\/46873"}],"collection":[{"href":"https:\/\/miurltemporal.com/main/triatletasenred.sport.es\/wp-json\/wp\/v2\/posts"}],"about":[{"href":"https:\/\/miurltemporal.com/main/triatletasenred.sport.es\/wp-json\/wp\/v2\/types\/post"}],"author":[{"embeddable":true,"href":"https:\/\/miurltemporal.com/main/triatletasenred.sport.es\/wp-json\/wp\/v2\/users\/281"}],"replies":[{"embeddable":true,"href":"https:\/\/miurltemporal.com/main/triatletasenred.sport.es\/wp-json\/wp\/v2\/comments?post=46873"}],"version-history":[{"count":0,"href":"https:\/\/miurltemporal.com/main/triatletasenred.sport.es\/wp-json\/wp\/v2\/posts\/46873\/revisions"}],"wp:featuredmedia":[{"embeddable":true,"href":"https:\/\/miurltemporal.com/main/triatletasenred.sport.es\/wp-json\/wp\/v2\/media\/44946"}],"wp:attachment":[{"href":"https:\/\/miurltemporal.com/main/triatletasenred.sport.es\/wp-json\/wp\/v2\/media?parent=46873"}],"wp:term":[{"taxonomy":"category","embeddable":true,"href":"https:\/\/miurltemporal.com/main/triatletasenred.sport.es\/wp-json\/wp\/v2\/categories?post=46873"},{"taxonomy":"post_tag","embeddable":true,"href":"https:\/\/miurltemporal.com/main/triatletasenred.sport.es\/wp-json\/wp\/v2\/tags?post=46873"}],"curies":[{"name":"wp","href":"https:\/\/api.w.org\/{rel}","templated":true}]}}