{"id":46574,"date":"2016-08-18T08:30:55","date_gmt":"2016-08-18T06:30:55","guid":{"rendered":"http:\/\/triatletasenred.com\/?p=46574"},"modified":"2016-08-18T08:30:55","modified_gmt":"2016-08-18T06:30:55","slug":"victor-del-corral-busca-el-pasaporte-a-kona-en-ironman-mont-tremblant","status":"publish","type":"post","link":"https:\/\/miurltemporal.com/main/triatletasenred.sport.es\/actualidad\/victor-del-corral-busca-el-pasaporte-a-kona-en-ironman-mont-tremblant\/","title":{"rendered":"Victor del Corral busca el pasaporte a Kona en IRONMAN Mont Tremblant"},"content":{"rendered":"<h3 style=\"text-align: justify;\">Este fin de semana nuestro Victor del Corral busca el preciado slot en Mont Tremblant (Canad\u00e1) y seguir as\u00ed con una meritoria e hist\u00f3rica racha de clasificaciones para estar entre los 100 elegidos que protagonizan el Campeonato del Mundo IRONMAN.<\/h3>\n<p style=\"text-align: justify;\">A pesar de vencer de manera \u00e9pica el <strong>IRONMAN de Niza<\/strong> el catal\u00e1n necesitar\u00e1 realizar otra nueva gesta \u00a0para conseguir una de las \u00faltimas 10 plazas en liza para el prestigioso evento que se repartir\u00e1n entre las dos \u00faltimas pruebas que cierran el calendario IRONMAN 2016 en lo que a slots a Kona se refiere.<\/p>\n<p style=\"text-align: justify;\">Un podio en <strong>Mont Tremblant<\/strong> ser\u00eda la v\u00eda casi directa a Kona pero hay otras opciones que siempre parten de un buen resultado del catal\u00e1n.<\/p>\n<p style=\"text-align: justify;\"><img fetchpriority=\"high\" decoding=\"async\" class=\"aligncenter size-full wp-image-45274\" src=\"https:\/\/miurltemporal.com/main/triatletasenred.sport.es\/wp-content\/uploads\/compressport-700x100.png\" alt=\"compressport-700x100\" width=\"700\" height=\"100\" \/><\/p>\n<p style=\"text-align: justify;\">Recordemos que una lesi\u00f3n en el calc\u00e1neo retraso el inicio de la competici\u00f3n de Victor del Corral que fue de menos a m\u00e1s tras las dos actuaciones en las pruebas <strong>IRONMAN 70.3<\/strong> en Espa\u00f1a ( Mallorca y Barcelona) hasta la victoria en Niza. Un abandono en Frankfurt por las bajas temperaturas del agua en una pol\u00e9mica nataci\u00f3n sin neopreno obliga ahora a Victor a darlo todo en Mont Tremblanc aunque como \u00e9l mismo coment\u00f3 en una entrevista a triatletasenred.com en el mes de abril &#8220;<em><strong>Hay vida m\u00e1s all\u00e1 de Kona&#8221;\u00a0<\/strong><\/em><\/p>\n<p style=\"text-align: justify;\">Victor habl\u00f3 tambi\u00e9n en nuestro podocast de transiciones que puedes volver a escuchar aqui:<\/p>\n<p style=\"text-align: justify;\">\n<iframe id=\"audio_11796273\" style=\"border: 1px solid #EEE; box-sizing: border-box; width: 100%;\" src=\"https:\/\/www.ivoox.com\/player_ej_11796273_4_1.html?c1=ff6600\" width=\"300\" height=\"200\" frameborder=\"0\" scrolling=\"no\" allowfullscreen=\"allowfullscreen\"><\/iframe>\n<\/p>\n<p style=\"text-align: justify;\">\n","protected":false},"excerpt":{"rendered":"<p>Este fin de semana nuestro Victor del Corral busca el preciado slot en Mont Tremblant (Canad\u00e1) y seguir as\u00ed con una meritoria e hist\u00f3rica racha de clasificaciones para estar entre los 100 elegidos que protagonizan el Campeonato del Mundo IRONMAN. A pesar de vencer de manera \u00e9pica el IRONMAN de Niza el catal\u00e1n necesitar\u00e1 realizar [&hellip;]<\/p>\n","protected":false},"author":2,"featured_media":37005,"comment_status":"closed","ping_status":"closed","sticky":false,"template":"","format":"standard","meta":{"_acf_changed":false,"rank_math_lock_modified_date":false,"footnotes":""},"categories":[17],"tags":[404,1303,372,2451,279],"class_list":{"0":"post-46574","1":"post","2":"type-post","3":"status-publish","4":"format-standard","5":"has-post-thumbnail","7":"category-actualidad","8":"tag-ironman","9":"tag-ironman-kona-hawaii","10":"tag-kona","11":"tag-mont-tremblant","12":"tag-victor-del-corral"},"acf":[],"_links":{"self":[{"href":"https:\/\/miurltemporal.com/main/triatletasenred.sport.es\/wp-json\/wp\/v2\/posts\/46574"}],"collection":[{"href":"https:\/\/miurltemporal.com/main/triatletasenred.sport.es\/wp-json\/wp\/v2\/posts"}],"about":[{"href":"https:\/\/miurltemporal.com/main/triatletasenred.sport.es\/wp-json\/wp\/v2\/types\/post"}],"author":[{"embeddable":true,"href":"https:\/\/miurltemporal.com/main/triatletasenred.sport.es\/wp-json\/wp\/v2\/users\/2"}],"replies":[{"embeddable":true,"href":"https:\/\/miurltemporal.com/main/triatletasenred.sport.es\/wp-json\/wp\/v2\/comments?post=46574"}],"version-history":[{"count":0,"href":"https:\/\/miurltemporal.com/main/triatletasenred.sport.es\/wp-json\/wp\/v2\/posts\/46574\/revisions"}],"wp:featuredmedia":[{"embeddable":true,"href":"https:\/\/miurltemporal.com/main/triatletasenred.sport.es\/wp-json\/wp\/v2\/media\/37005"}],"wp:attachment":[{"href":"https:\/\/miurltemporal.com/main/triatletasenred.sport.es\/wp-json\/wp\/v2\/media?parent=46574"}],"wp:term":[{"taxonomy":"category","embeddable":true,"href":"https:\/\/miurltemporal.com/main/triatletasenred.sport.es\/wp-json\/wp\/v2\/categories?post=46574"},{"taxonomy":"post_tag","embeddable":true,"href":"https:\/\/miurltemporal.com/main/triatletasenred.sport.es\/wp-json\/wp\/v2\/tags?post=46574"}],"curies":[{"name":"wp","href":"https:\/\/api.w.org\/{rel}","templated":true}]}}