{"id":46532,"date":"2016-08-16T12:20:29","date_gmt":"2016-08-16T10:20:29","guid":{"rendered":"http:\/\/triatletasenred.com\/?p=46532"},"modified":"2016-08-17T14:29:28","modified_gmt":"2016-08-17T12:29:28","slug":"lumos-el-casco-luminoso-con-intermitentes","status":"publish","type":"post","link":"https:\/\/miurltemporal.com/main/triatletasenred.sport.es\/en-red\/lumos-el-casco-luminoso-con-intermitentes\/","title":{"rendered":"Lumos, el casco luminoso con intermitentes"},"content":{"rendered":"<h3 style=\"text-align: justify;\">\u00bfCu\u00e1ntas veces nos hemos preguntado ir\u00f3nicamente por qu\u00e9 no llevamos intermitentes en la bici? Os presentamos el casco Lumos con intermitentes y luz de freno.<\/h3>\n<p style=\"text-align: justify;\">Muchas veces, la gran preocupaci\u00f3n de todo ciclista es b\u00e1sicamente ser visto. Sobre todo en esta \u00e9poca del a\u00f1o en que el calor obliga a muchos a salir a entrenar cuando cae el sol o directamente durante la noche. Hay <strong>m\u00faltiples elementos reflectantes<\/strong> y luminosos que incorpor\u00e1ndolos en nuestro atuendo ciclista hacen que los veh\u00edculos nos vean. A\u00fan as\u00ed, en la mayor\u00eda de los casos es insuficiente y nos sentimos desamparados.<\/p>\n<p style=\"text-align: justify;\"><img fetchpriority=\"high\" decoding=\"async\" class=\"alignleft\" src=\"http:\/\/www.arueda.com\/wp-content\/uploads\/2015\/07\/lumos-smart-bicycle-helmet-11.jpg\" alt=\"\" width=\"446\" height=\"251\" \/>Con este invento quiz\u00e1 hayamos encontrado la soluci\u00f3n y podamos salir a rodar sin preocuparnos. Hablamos del nuevo casco Lumos, que integra un sistema de luces con el que <strong>nuestra visibilidad en carretera o ciudad aumenta<\/strong> de forma considerable. La idea naci\u00f3 hace un a\u00f1o y empezar\u00e1 a producirse a finales de agosto.<\/p>\n<p style=\"text-align: justify;\">A simple vista parece un casco normal, pero \u00e9ste tiene intermitentes y luz de freno. La verdad es que no difiere demasiado de otros cascos del mercado en cuanto a est\u00e9tica, pero adem\u00e1s tambi\u00e9n tiene una serie de <strong>luces frontales<\/strong> (de color blanco) <strong>y traseras<\/strong> (de color rojo), que permiten hacernos visibles en la oscuridad.<\/p>\n<p style=\"text-align: justify;\">El contacto visual con los veh\u00edculos es constante e indudable. El casco adem\u00e1s, integra <strong>un sensor de velocidad<\/strong> \u2013aceler\u00f3metro- que es capaz de detectar cu\u00e1ndo estamos frenando e indicarlo intensificando las luces traseras del caso, de igual forma que lo hacen los veh\u00edculos a motor.<\/p>\n<p style=\"text-align: justify;\"><img decoding=\"async\" class=\"alignright\" src=\"http:\/\/cdn.brujulabike.com\/wp-content\/uploads\/2016\/06\/mando-intermitentes-Lumos.png\" alt=\"\" width=\"372\" height=\"248\" \/>De esta forma, el transporte que venga por detr\u00e1s podr\u00e1 detectar cu\u00e1ndo la bicicleta est\u00e1 frenando, hecho que podr\u00eda evitar accidentes. Tambi\u00e9n dispone de intermitentes, es decir, dos luces laterales que podemos accionar desde un peque\u00f1o <strong>mando con wifi<\/strong> que se instala en el manillar.<\/p>\n<p style=\"text-align: justify;\">El casco adem\u00e1s, <strong>es impermeable<\/strong>. \u00a1Que no os asuste la lluvia! El casco funciona con una bater\u00eda recargable mediante USD de 100 mAh, es decir, seguir\u00e1 funcionando unas tres horas y media. Se puede comprar en la preventa en su <a href=\"https:\/\/lumoshelmet.co\/?variant=10568593155\" target=\"_blank\" rel=\"nofollow noopener\">p\u00e1gina web oficial<\/a> por 134\u20ac.<\/p>\n<p style=\"text-align: justify;\">Desde <em>Triatletas en Red<\/em> nos alegramos de esta iniciativa pues todo elemento que contribuya a aumentar la seguridad de los triatletas y ciclistas en la carretera siempre es bienvenido. Os dejamos con un v\u00eddeo que nos ense\u00f1a algo m\u00e1s de este casco.<\/p>\n<p><iframe title=\"Lumos: A Next Generation Bicycle Helmet\" src=\"https:\/\/player.vimeo.com\/video\/161582503?dnt=1&amp;app_id=122963\" width=\"696\" height=\"392\" frameborder=\"0\" allow=\"autoplay; fullscreen\" allowfullscreen><\/iframe><\/p>\n<p style=\"text-align: justify;\"><span style=\"color: #ffffff;\">jbhdjbnvff<\/span><\/p>\n<p style=\"text-align: justify;\"><img decoding=\"async\" class=\"aligncenter\" src=\"https:\/\/miurltemporal.com/main/triatletasenred.sport.es\/wp-content\/uploads\/nutrisport-unstoppable.jpg\" alt=\"\" width=\"386\" height=\"193\" \/><\/p>\n","protected":false},"excerpt":{"rendered":"<p>Un nuevo elemento en favor de la seguridad del ciclista. Un casco con sistema de luces y sensor de velocidad que puede evitar algunos accidentes.<\/p>\n","protected":false},"author":252,"featured_media":46535,"comment_status":"closed","ping_status":"closed","sticky":false,"template":"","format":"standard","meta":{"_acf_changed":false,"rank_math_lock_modified_date":false,"footnotes":""},"categories":[16],"tags":[226,4917,4916,111,4915],"class_list":{"0":"post-46532","1":"post","2":"type-post","3":"status-publish","4":"format-standard","5":"has-post-thumbnail","7":"category-en-red","8":"tag-bicicleta","9":"tag-casco-con-intermitetes","10":"tag-casco-luminoso","11":"tag-ciclismo","12":"tag-lumos"},"acf":[],"_links":{"self":[{"href":"https:\/\/miurltemporal.com/main/triatletasenred.sport.es\/wp-json\/wp\/v2\/posts\/46532"}],"collection":[{"href":"https:\/\/miurltemporal.com/main/triatletasenred.sport.es\/wp-json\/wp\/v2\/posts"}],"about":[{"href":"https:\/\/miurltemporal.com/main/triatletasenred.sport.es\/wp-json\/wp\/v2\/types\/post"}],"author":[{"embeddable":true,"href":"https:\/\/miurltemporal.com/main/triatletasenred.sport.es\/wp-json\/wp\/v2\/users\/252"}],"replies":[{"embeddable":true,"href":"https:\/\/miurltemporal.com/main/triatletasenred.sport.es\/wp-json\/wp\/v2\/comments?post=46532"}],"version-history":[{"count":0,"href":"https:\/\/miurltemporal.com/main/triatletasenred.sport.es\/wp-json\/wp\/v2\/posts\/46532\/revisions"}],"wp:featuredmedia":[{"embeddable":true,"href":"https:\/\/miurltemporal.com/main/triatletasenred.sport.es\/wp-json\/wp\/v2\/media\/46535"}],"wp:attachment":[{"href":"https:\/\/miurltemporal.com/main/triatletasenred.sport.es\/wp-json\/wp\/v2\/media?parent=46532"}],"wp:term":[{"taxonomy":"category","embeddable":true,"href":"https:\/\/miurltemporal.com/main/triatletasenred.sport.es\/wp-json\/wp\/v2\/categories?post=46532"},{"taxonomy":"post_tag","embeddable":true,"href":"https:\/\/miurltemporal.com/main/triatletasenred.sport.es\/wp-json\/wp\/v2\/tags?post=46532"}],"curies":[{"name":"wp","href":"https:\/\/api.w.org\/{rel}","templated":true}]}}