{"id":46281,"date":"2016-08-03T07:34:03","date_gmt":"2016-08-03T05:34:03","guid":{"rendered":"http:\/\/triatletasenred.com\/?p=46281"},"modified":"2016-09-02T16:51:12","modified_gmt":"2016-09-02T14:51:12","slug":"transiciones-tu-podcast-de-triatlon-con-saleta-castro-y-el-triatlon-alpe-dhuez","status":"publish","type":"post","link":"https:\/\/miurltemporal.com/main/triatletasenred.sport.es\/actualidad\/transiciones-tu-podcast-de-triatlon-con-saleta-castro-y-el-triatlon-alpe-dhuez\/","title":{"rendered":"Transiciones, tu podcast de triatl\u00f3n con Saleta Castro y el triatl\u00f3n Alpe D&#8217;Huez"},"content":{"rendered":"<p>Especial Transiciones con Saleta Castro ya con el billete a Kona bajo el brazo. La gallega narra en primera persona su segundo puesto en el IM Maastricht y eval\u00faa su trayecto en los \u00faltimos a\u00f1os en los que confiesa que Kona ha sido su obsesi\u00f3n.<\/p>\n<p>Hablamos tambi\u00e9n desde la finish line del triathlon de Alpe D&#8217;Huez con nuestros embajadores Eric Merino, Aimar Aguirresarrobe y Cristobal Dios.<\/p>\n<p>Todo esto en menos de 30 minutos de triatl\u00f3n \u00a1DALE AL PLAY!<\/p>\n<p>&nbsp;<\/p>\n<p><iframe id=\"audio_12419505\" style=\"border: 1px solid #EEE; box-sizing: border-box; width: 100%;\" src=\"https:\/\/www.ivoox.com\/player_ej_12419505_4_1.html?c1=ff6600\" width=\"300\" height=\"200\" frameborder=\"0\" scrolling=\"no\" allowfullscreen=\"allowfullscreen\"><\/iframe><\/p>\n<a class=\"vc_btn vc_btn-default vc_btn-sm vc_btn_square \" href=\"http:\/\/www.ivoox.com\/podcast-transiciones-tu-podcast-semanal-triatlon_sq_f1168721_1.html\" rel=\"nofollow noopener\" target=\"_blank\">Transiciones EN IVOOX<\/a>\n<a class=\"vc_btn vc_btn-default vc_btn-sm vc_btn_square \" href=\"https:\/\/itunes.apple.com\/es\/podcast\/transiciones-tu-podcast-semanal\/id1001105957?mt=2&#038;ign-mpt=uo%3D4\" rel=\"nofollow noopener\" target=\"_blank\">Transiciones EN ITUNES<\/a>\n<p><span style=\"color: #ffffff;\">jdcjnjnr<\/span><\/p>\n<p><img fetchpriority=\"high\" decoding=\"async\" class=\"aligncenter\" src=\"https:\/\/miurltemporal.com/main/triatletasenred.sport.es\/wp-content\/uploads\/etixx.jpg\" alt=\"\" width=\"320\" height=\"160\" \/><\/p>\n","protected":false},"excerpt":{"rendered":"<p>Especial Transiciones con Saleta Castro ya con el billete a Kona bajo el brazo. La gallega narra en primera persona su segundo puesto en el IM Maastricht y eval\u00faa su trayecto en los \u00faltimos a\u00f1os en los que confiesa que Kona ha sido su obsesi\u00f3n. Hablamos tambi\u00e9n desde la finish line del triathlon de Alpe [&hellip;]<\/p>\n","protected":false},"author":6,"featured_media":34624,"comment_status":"closed","ping_status":"closed","sticky":false,"template":"","format":"standard","meta":{"_acf_changed":false,"rank_math_lock_modified_date":false,"footnotes":""},"categories":[17],"tags":[4868,4858,4856,3150,383],"class_list":{"0":"post-46281","1":"post","2":"type-post","3":"status-publish","4":"format-standard","5":"has-post-thumbnail","7":"category-actualidad","8":"tag-aguirresarrobe","9":"tag-cristobal-dios","10":"tag-eric-merino","11":"tag-podcast","12":"tag-saleta-castro"},"acf":[],"_links":{"self":[{"href":"https:\/\/miurltemporal.com/main/triatletasenred.sport.es\/wp-json\/wp\/v2\/posts\/46281"}],"collection":[{"href":"https:\/\/miurltemporal.com/main/triatletasenred.sport.es\/wp-json\/wp\/v2\/posts"}],"about":[{"href":"https:\/\/miurltemporal.com/main/triatletasenred.sport.es\/wp-json\/wp\/v2\/types\/post"}],"author":[{"embeddable":true,"href":"https:\/\/miurltemporal.com/main/triatletasenred.sport.es\/wp-json\/wp\/v2\/users\/6"}],"replies":[{"embeddable":true,"href":"https:\/\/miurltemporal.com/main/triatletasenred.sport.es\/wp-json\/wp\/v2\/comments?post=46281"}],"version-history":[{"count":0,"href":"https:\/\/miurltemporal.com/main/triatletasenred.sport.es\/wp-json\/wp\/v2\/posts\/46281\/revisions"}],"wp:featuredmedia":[{"embeddable":true,"href":"https:\/\/miurltemporal.com/main/triatletasenred.sport.es\/wp-json\/wp\/v2\/media\/34624"}],"wp:attachment":[{"href":"https:\/\/miurltemporal.com/main/triatletasenred.sport.es\/wp-json\/wp\/v2\/media?parent=46281"}],"wp:term":[{"taxonomy":"category","embeddable":true,"href":"https:\/\/miurltemporal.com/main/triatletasenred.sport.es\/wp-json\/wp\/v2\/categories?post=46281"},{"taxonomy":"post_tag","embeddable":true,"href":"https:\/\/miurltemporal.com/main/triatletasenred.sport.es\/wp-json\/wp\/v2\/tags?post=46281"}],"curies":[{"name":"wp","href":"https:\/\/api.w.org\/{rel}","templated":true}]}}