{"id":46219,"date":"2016-07-30T16:40:41","date_gmt":"2016-07-30T14:40:41","guid":{"rendered":"http:\/\/triatletasenred.com\/?p=46219"},"modified":"2016-07-30T16:40:41","modified_gmt":"2016-07-30T14:40:41","slug":"ivan-rana-septimo-en-budapest","status":"publish","type":"post","link":"https:\/\/miurltemporal.com/main/triatletasenred.sport.es\/actualidad\/ivan-rana-septimo-en-budapest\/","title":{"rendered":"Iv\u00e1n Ra\u00f1a, s\u00e9ptimo en Budapest"},"content":{"rendered":"<p style=\"text-align: justify\">Empieza el segundo bloque rumbo a Kona. Iv\u00e1n Ra\u00f1a ha finalizado s\u00e9ptimo en el Ironman 70.3 Budapest, disputado este s\u00e1bado en la ciudad h\u00fangara. El franc\u00e9s Bertrand Billard ha vencido en la prueba, acompa\u00f1ado en el podio por Horst Reichel e Iv\u00e1n Tutukin, segundo y tercero respectivamente. El calor ha sido protagonista en una carrera que Iv\u00e1n ha sido protagonista en los puestos delanteros.\u00a0&#8220;<em>Est\u00e1 siendo un buen d\u00eda para acostumbrarse al calor de Kona<\/em>&#8221; afirmaba el gallego en sus redes sociales. La mala suerte se ha cebado con el otro representante espa\u00f1ol. Miguel Angel Fidalgo ha tenido que abandonar mediado el sector ciclista tras un pinchazo en la rueda de su bicicleta. El balear se centrar\u00e1 ahora para competir en Wiesbaden a mediados de agosto.<\/p>\n","protected":false},"excerpt":{"rendered":"<p>El gallego finaliza en el top10. Fidalgo tiene que abandonar por un pinchazo.<\/p>\n","protected":false},"author":12,"featured_media":43406,"comment_status":"closed","ping_status":"closed","sticky":false,"template":"","format":"standard","meta":{"_acf_changed":false,"rank_math_lock_modified_date":false,"footnotes":""},"categories":[17],"tags":[1937,4861,404,403,1263,4862],"class_list":{"0":"post-46219","1":"post","2":"type-post","3":"status-publish","4":"format-standard","5":"has-post-thumbnail","7":"category-actualidad","8":"tag-70-3","9":"tag-budapest","10":"tag-ironman","11":"tag-ivan-rana","12":"tag-rana","13":"tag-triartlon"},"acf":[],"_links":{"self":[{"href":"https:\/\/miurltemporal.com/main/triatletasenred.sport.es\/wp-json\/wp\/v2\/posts\/46219"}],"collection":[{"href":"https:\/\/miurltemporal.com/main/triatletasenred.sport.es\/wp-json\/wp\/v2\/posts"}],"about":[{"href":"https:\/\/miurltemporal.com/main/triatletasenred.sport.es\/wp-json\/wp\/v2\/types\/post"}],"author":[{"embeddable":true,"href":"https:\/\/miurltemporal.com/main/triatletasenred.sport.es\/wp-json\/wp\/v2\/users\/12"}],"replies":[{"embeddable":true,"href":"https:\/\/miurltemporal.com/main/triatletasenred.sport.es\/wp-json\/wp\/v2\/comments?post=46219"}],"version-history":[{"count":0,"href":"https:\/\/miurltemporal.com/main/triatletasenred.sport.es\/wp-json\/wp\/v2\/posts\/46219\/revisions"}],"wp:featuredmedia":[{"embeddable":true,"href":"https:\/\/miurltemporal.com/main/triatletasenred.sport.es\/wp-json\/wp\/v2\/media\/43406"}],"wp:attachment":[{"href":"https:\/\/miurltemporal.com/main/triatletasenred.sport.es\/wp-json\/wp\/v2\/media?parent=46219"}],"wp:term":[{"taxonomy":"category","embeddable":true,"href":"https:\/\/miurltemporal.com/main/triatletasenred.sport.es\/wp-json\/wp\/v2\/categories?post=46219"},{"taxonomy":"post_tag","embeddable":true,"href":"https:\/\/miurltemporal.com/main/triatletasenred.sport.es\/wp-json\/wp\/v2\/tags?post=46219"}],"curies":[{"name":"wp","href":"https:\/\/api.w.org\/{rel}","templated":true}]}}