{"id":46187,"date":"2016-07-29T17:55:09","date_gmt":"2016-07-29T15:55:09","guid":{"rendered":"http:\/\/triatletasenred.com\/?p=46187"},"modified":"2016-10-05T10:19:53","modified_gmt":"2016-10-05T08:19:53","slug":"ivan-rana-favorito-en-ironman-70-3-budapest","status":"publish","type":"post","link":"https:\/\/miurltemporal.com/main/triatletasenred.sport.es\/actualidad\/ivan-rana-favorito-en-ironman-70-3-budapest\/","title":{"rendered":"Iv\u00e1n Ra\u00f1a, favorito en Ironman 70.3 Budapest"},"content":{"rendered":"<h3 style=\"text-align: justify;\">El gallego Iv\u00e1n Ra\u00f1a vuelve a la competici\u00f3n tras conocerse oficialmente que un a\u00f1o m\u00e1s, estar\u00e1 en el Ironman de Haw\u00e1i en el mes de octubre.<\/h3>\n<p style=\"text-align: justify;\">El espa\u00f1ol sigue preparando la prueba hawaiana y antes de afrontar un mes de agosto de entrenamientos, Ra\u00f1a ha puesto rumbo a Hungr\u00eda, donde compite en el Ironman 70.3 Budapest.<\/p>\n<p style=\"text-align: justify;\">El tambi\u00e9n espa\u00f1ol <strong>Miguel Angel Fidalgo<\/strong> competir\u00e1 en la prueba h\u00fangara este fin de semana. Entre los principales rivales de los espa\u00f1oles en la competici\u00f3n, Bertrand Billard, Will Clarke o Jonathan Ciavatella, entre otros. En categor\u00eda femenina no tendremos representaci\u00f3n espa\u00f1ola.<\/p>\n<p><a href=\"https:\/\/miurltemporal.com/main/triatletasenred.sport.es\/wp-content\/uploads\/desafiodonana_250x150px-banner.gif\"><img fetchpriority=\"high\" decoding=\"async\" class=\"wp-image-44789 aligncenter\" src=\"https:\/\/miurltemporal.com/main/triatletasenred.sport.es\/wp-content\/uploads\/desafiodonana_250x150px-banner.gif\" alt=\"Desafio Do\u00f1ana\" width=\"313\" height=\"188\" \/><\/a><\/p>\n<p style=\"text-align: justify;\">Los triatletas tomar\u00e1n la salida el s<strong>\u00e1bado 30 de julio a las 9am<\/strong> en formato de rolling start. Por delante, los triatletas afrontan 1.9 kil\u00f3metros a nado en r\u00edo, 90 kil\u00f3metros de ciclismo en dos vueltas y finalmente 21 kil\u00f3metros de carrera a pie antes de cruzar la meta de la prueba.<\/p>\n","protected":false},"excerpt":{"rendered":"<p>El balear Miguel Angel Fidalgo tambi\u00e9n compite en la prueba h\u00fangara.<\/p>\n","protected":false},"author":12,"featured_media":38615,"comment_status":"closed","ping_status":"closed","sticky":false,"template":"","format":"standard","meta":{"_acf_changed":false,"rank_math_lock_modified_date":false,"footnotes":""},"categories":[17],"tags":[2546,403,2911,1263],"class_list":{"0":"post-46187","1":"post","2":"type-post","3":"status-publish","4":"format-standard","5":"has-post-thumbnail","7":"category-actualidad","8":"tag-fidalgo","9":"tag-ivan-rana","10":"tag-miguel-angel-fidalgo","11":"tag-rana"},"acf":[],"_links":{"self":[{"href":"https:\/\/miurltemporal.com/main/triatletasenred.sport.es\/wp-json\/wp\/v2\/posts\/46187"}],"collection":[{"href":"https:\/\/miurltemporal.com/main/triatletasenred.sport.es\/wp-json\/wp\/v2\/posts"}],"about":[{"href":"https:\/\/miurltemporal.com/main/triatletasenred.sport.es\/wp-json\/wp\/v2\/types\/post"}],"author":[{"embeddable":true,"href":"https:\/\/miurltemporal.com/main/triatletasenred.sport.es\/wp-json\/wp\/v2\/users\/12"}],"replies":[{"embeddable":true,"href":"https:\/\/miurltemporal.com/main/triatletasenred.sport.es\/wp-json\/wp\/v2\/comments?post=46187"}],"version-history":[{"count":0,"href":"https:\/\/miurltemporal.com/main/triatletasenred.sport.es\/wp-json\/wp\/v2\/posts\/46187\/revisions"}],"wp:featuredmedia":[{"embeddable":true,"href":"https:\/\/miurltemporal.com/main/triatletasenred.sport.es\/wp-json\/wp\/v2\/media\/38615"}],"wp:attachment":[{"href":"https:\/\/miurltemporal.com/main/triatletasenred.sport.es\/wp-json\/wp\/v2\/media?parent=46187"}],"wp:term":[{"taxonomy":"category","embeddable":true,"href":"https:\/\/miurltemporal.com/main/triatletasenred.sport.es\/wp-json\/wp\/v2\/categories?post=46187"},{"taxonomy":"post_tag","embeddable":true,"href":"https:\/\/miurltemporal.com/main/triatletasenred.sport.es\/wp-json\/wp\/v2\/tags?post=46187"}],"curies":[{"name":"wp","href":"https:\/\/api.w.org\/{rel}","templated":true}]}}