{"id":45808,"date":"2016-07-08T08:37:19","date_gmt":"2016-07-08T06:37:19","guid":{"rendered":"http:\/\/triatletasenred.com\/?p=45808"},"modified":"2016-08-02T19:30:28","modified_gmt":"2016-08-02T17:30:28","slug":"revive-el-5o-puesto-de-alarza-en-estocolmo-y-como-levanta-su-trofeo-de-lider","status":"publish","type":"post","link":"https:\/\/miurltemporal.com/main/triatletasenred.sport.es\/actualidad\/revive-el-5o-puesto-de-alarza-en-estocolmo-y-como-levanta-su-trofeo-de-lider\/","title":{"rendered":"Revive el 5\u00ba puesto de Alarza en Estocolmo y c\u00f3mo levanta su trofeo de L\u00cdDER"},"content":{"rendered":"<p>Venci\u00f3 Alistair Brownlee pero el <a href=\"https:\/\/miurltemporal.com/main/triatletasenred.sport.es\/actualidad\/alistair-brownlee-repite-guion-y-gana-las-series-mundiales-estocolmo\/\">quinto puesto de Fernando Alarza<\/a> le confirma como el m\u00e1s regular, el m\u00e1s fuerte en este 2016. Revive en este video de la ITU la espectacular prueba disputada en Estocolmo y no te pierdas ese final so\u00f1ado por el talaverano en el que levanta el trofeo que le acredita como l\u00edder provisional de las Series Mundiales 2016.<\/p>\n<p>\u00a1Dale al Play!<\/p>\n<p>&nbsp;<\/p>\n<p>[embedyt] http:\/\/www.youtube.com\/watch?v=0vbUKG6RxOM[\/embedyt]<\/p>\n<p>&nbsp;<\/p>\n<p><img decoding=\"async\" class=\"aligncenter\" src=\"https:\/\/miurltemporal.com/main/triatletasenred.sport.es\/wp-content\/uploads\/etixx.jpg\" alt=\"\" width=\"300\" height=\"150\" \/><\/p>\n","protected":false},"excerpt":{"rendered":"<p>Venci\u00f3 Alistair Brownlee pero el quinto puesto de Fernando Alarza le confirma como el m\u00e1s regular, el m\u00e1s fuerte en este 2016. Revive en este video de la ITU la espectacular prueba disputada en Estocolmo y no te pierdas ese final so\u00f1ado por el talaverano en el que levanta el trofeo que le acredita como [&hellip;]<\/p>\n","protected":false},"author":2,"featured_media":45809,"comment_status":"closed","ping_status":"closed","sticky":false,"template":"","format":"standard","meta":{"_acf_changed":false,"rank_math_lock_modified_date":false,"footnotes":""},"categories":[17],"tags":[609,2421,4473],"class_list":{"0":"post-45808","1":"post","2":"type-post","3":"status-publish","4":"format-standard","5":"has-post-thumbnail","7":"category-actualidad","8":"tag-alarza","9":"tag-estocolmo","10":"tag-series-mundiales"},"acf":[],"_links":{"self":[{"href":"https:\/\/miurltemporal.com/main/triatletasenred.sport.es\/wp-json\/wp\/v2\/posts\/45808"}],"collection":[{"href":"https:\/\/miurltemporal.com/main/triatletasenred.sport.es\/wp-json\/wp\/v2\/posts"}],"about":[{"href":"https:\/\/miurltemporal.com/main/triatletasenred.sport.es\/wp-json\/wp\/v2\/types\/post"}],"author":[{"embeddable":true,"href":"https:\/\/miurltemporal.com/main/triatletasenred.sport.es\/wp-json\/wp\/v2\/users\/2"}],"replies":[{"embeddable":true,"href":"https:\/\/miurltemporal.com/main/triatletasenred.sport.es\/wp-json\/wp\/v2\/comments?post=45808"}],"version-history":[{"count":0,"href":"https:\/\/miurltemporal.com/main/triatletasenred.sport.es\/wp-json\/wp\/v2\/posts\/45808\/revisions"}],"wp:featuredmedia":[{"embeddable":true,"href":"https:\/\/miurltemporal.com/main/triatletasenred.sport.es\/wp-json\/wp\/v2\/media\/45809"}],"wp:attachment":[{"href":"https:\/\/miurltemporal.com/main/triatletasenred.sport.es\/wp-json\/wp\/v2\/media?parent=45808"}],"wp:term":[{"taxonomy":"category","embeddable":true,"href":"https:\/\/miurltemporal.com/main/triatletasenred.sport.es\/wp-json\/wp\/v2\/categories?post=45808"},{"taxonomy":"post_tag","embeddable":true,"href":"https:\/\/miurltemporal.com/main/triatletasenred.sport.es\/wp-json\/wp\/v2\/tags?post=45808"}],"curies":[{"name":"wp","href":"https:\/\/api.w.org\/{rel}","templated":true}]}}