{"id":45526,"date":"2016-06-23T19:13:20","date_gmt":"2016-06-23T17:13:20","guid":{"rendered":"http:\/\/triatletasenred.com\/?p=45526"},"modified":"2016-06-27T16:54:47","modified_gmt":"2016-06-27T14:54:47","slug":"ruben-ruzafa-y-roger-serrano-a-por-xterra-suiza","status":"publish","type":"post","link":"https:\/\/miurltemporal.com/main/triatletasenred.sport.es\/actualidad\/ruben-ruzafa-y-roger-serrano-a-por-xterra-suiza\/","title":{"rendered":"Rub\u00e9n Ruzafa y Roger Serrano, a por XTERRA Suiza"},"content":{"rendered":"<p style=\"text-align: justify;\">Los espa\u00f1oles Rub\u00e9n Ruzafa y Roger Serrano parten como grandes favoritos para el XTERRA Suiza, quinta prueba puntuable del XTERRA European Tour. El pr\u00f3ximo <strong>s\u00e1bado 25 de junio<\/strong>, el pa\u00eds helv\u00e9tico acoge una de las carreras\u00a0m\u00e1s importante de la franquicia en Europa, que tendr\u00e1 como epicentro el <strong>Valle de Joux<\/strong>. De hecho, tambi\u00e9n\u00a0ser\u00e1 sede del Campeonato de Europa ETU de Triatl\u00f3n Cros.<\/p>\n<p style=\"text-align: justify;\">La competici\u00f3n arrancar\u00e1 el s\u00e1bado a las 14h (hora local) y consta de las distancias de 1.500 metros a nado, 36 kil\u00f3metros de ciclismo y 10 kil\u00f3metros de carrera a pie. Los espa\u00f1oles Rub\u00e9n Ruzafa y Roger Serrano parten como uno de los grandes favoritos, aunque tendr\u00e1n rivales de la entidad de Kris Coddens, Bradley Weiss, Ben Allen o Jan Pyott, entre otros. Serrano, que ya manifest\u00f3 su desacuerdo con la FETRI, no aparece en el listado de salida de la prueba ETU, pero s\u00ed competir\u00e1 en la prueba XTERRA.<\/p>\n<p style=\"text-align: justify;\">Gonzalo Orozco y Andr\u00e9s Carnevali tambi\u00e9n competir\u00e1n en Suiza, en una carrera que se prev\u00e9e con condiciones meteorol\u00f3gicas adversas.<\/p>\n<p style=\"text-align: justify;\"><span style=\"color: #ffffff;\">bfvbjkfkjnf<\/span><\/p>\n<p style=\"text-align: justify;\"><img decoding=\"async\" class=\"aligncenter\" src=\"https:\/\/miurltemporal.com/main/triatletasenred.sport.es\/wp-content\/uploads\/banner-vt16-270x120.gif\" alt=\"\" width=\"317\" height=\"141\" \/><\/p>\n","protected":false},"excerpt":{"rendered":"<p>Los espa\u00f1oles parten como favoritos en la prueba.<\/p>\n","protected":false},"author":12,"featured_media":38638,"comment_status":"closed","ping_status":"closed","sticky":false,"template":"","format":"standard","meta":{"_acf_changed":false,"rank_math_lock_modified_date":false,"footnotes":""},"categories":[17],"tags":[2217,594,1986,923,24,2489],"class_list":{"0":"post-45526","1":"post","2":"type-post","3":"status-publish","4":"format-standard","5":"has-post-thumbnail","7":"category-actualidad","8":"tag-etu","9":"tag-roger-serrano","10":"tag-ruben-ruzafa","11":"tag-triathlon","12":"tag-triatlon","13":"tag-triatlon-cros"},"acf":[],"_links":{"self":[{"href":"https:\/\/miurltemporal.com/main/triatletasenred.sport.es\/wp-json\/wp\/v2\/posts\/45526"}],"collection":[{"href":"https:\/\/miurltemporal.com/main/triatletasenred.sport.es\/wp-json\/wp\/v2\/posts"}],"about":[{"href":"https:\/\/miurltemporal.com/main/triatletasenred.sport.es\/wp-json\/wp\/v2\/types\/post"}],"author":[{"embeddable":true,"href":"https:\/\/miurltemporal.com/main/triatletasenred.sport.es\/wp-json\/wp\/v2\/users\/12"}],"replies":[{"embeddable":true,"href":"https:\/\/miurltemporal.com/main/triatletasenred.sport.es\/wp-json\/wp\/v2\/comments?post=45526"}],"version-history":[{"count":0,"href":"https:\/\/miurltemporal.com/main/triatletasenred.sport.es\/wp-json\/wp\/v2\/posts\/45526\/revisions"}],"wp:featuredmedia":[{"embeddable":true,"href":"https:\/\/miurltemporal.com/main/triatletasenred.sport.es\/wp-json\/wp\/v2\/media\/38638"}],"wp:attachment":[{"href":"https:\/\/miurltemporal.com/main/triatletasenred.sport.es\/wp-json\/wp\/v2\/media?parent=45526"}],"wp:term":[{"taxonomy":"category","embeddable":true,"href":"https:\/\/miurltemporal.com/main/triatletasenred.sport.es\/wp-json\/wp\/v2\/categories?post=45526"},{"taxonomy":"post_tag","embeddable":true,"href":"https:\/\/miurltemporal.com/main/triatletasenred.sport.es\/wp-json\/wp\/v2\/tags?post=45526"}],"curies":[{"name":"wp","href":"https:\/\/api.w.org\/{rel}","templated":true}]}}