{"id":45368,"date":"2016-06-16T23:59:24","date_gmt":"2016-06-16T21:59:24","guid":{"rendered":"http:\/\/triatletasenred.com\/?p=45368"},"modified":"2016-06-29T18:26:23","modified_gmt":"2016-06-29T16:26:23","slug":"vincent-luis-vuelve-a-la-competicion","status":"publish","type":"post","link":"https:\/\/miurltemporal.com/main/triatletasenred.sport.es\/actualidad\/vincent-luis-vuelve-a-la-competicion\/","title":{"rendered":"Vincent Luis vuelve a la competici\u00f3n"},"content":{"rendered":"<p style=\"text-align: justify;\">El triatleta franc\u00e9s, que en 2015 acab\u00f3 cuarto en la general de las Series Mundiales, arrancar\u00e1 as\u00ed su temporada 2016. Este a\u00f1o a\u00fan no ha debutado internacionalmente, por lo que el <a href=\"http:\/\/www.fftri.com\/files\/pdf\/START%20LIST%20VALENCE%20D1.pdf\" target=\"_blank\" rel=\"nofollow noopener\">Grand Prix de Valence<\/a> ser\u00e1 el primer test de cara a los Juegos Ol\u00edmpicos de R\u00edo de Janeiro. Vincent Luis (Sainte Genevieve Triathlon) partir\u00e1 en Brasil como uno de los m\u00e1ximos aspirantes a medalla.<\/p>\n<p style=\"text-align: justify;\">La representaci\u00f3n espa\u00f1ola en categor\u00eda masculina estar\u00e1 integrada por Vicente Hern\u00e1ndez (EC Sartrouville), Jordi Garcia (EC Sartrouville), Jes\u00fas Gomar (TCG 79 Parthenay), Ricardo Hern\u00e1ndez (TCG 79 Parthenay), Fernando L\u00f3pez de Sagredo (Montlucon Triathlon) e I\u00f1aki Baldellou (Montlucon Triathlon). Por su parte, en categor\u00eda femenina competir\u00e1n Ainhoa Mur\u00faa (TCG 79 Parthenay), Ana Carvajal (Brive Lomousine Triathlon) y Sara Bonilla (Tri Saint Amand Du 18).<\/p>\n<p style=\"text-align: justify;\">La prueba femenina dar\u00e1 inicio a las 14:30h del domingo, mientras que la masculina arrancar\u00e1 a las 16:00h del mismo domingo.<\/p>\n<p style=\"text-align: justify;\"><span style=\"color: #ffffff;\">jc jjkjf knf<\/span><\/p>\n<p style=\"text-align: justify;\"><img decoding=\"async\" class=\"aligncenter\" src=\"https:\/\/miurltemporal.com/main/triatletasenred.sport.es\/wp-content\/uploads\/nutrisport-unstoppable.jpg\" alt=\"\" width=\"300\" height=\"150\" \/><\/p>\n","protected":false},"excerpt":{"rendered":"<p>Nueve espa\u00f1oles competir\u00e1n en la segunda prueba del Grand Prix franc\u00e9s.<\/p>\n","protected":false},"author":12,"featured_media":45369,"comment_status":"closed","ping_status":"closed","sticky":false,"template":"","format":"standard","meta":{"_acf_changed":false,"rank_math_lock_modified_date":false,"footnotes":""},"categories":[17],"tags":[4755,2179,4756,4754],"class_list":{"0":"post-45368","1":"post","2":"type-post","3":"status-publish","4":"format-standard","5":"has-post-thumbnail","7":"category-actualidad","8":"tag-fft","9":"tag-grand-prix","10":"tag-liga-francesa","11":"tag-vincent-luis"},"acf":[],"_links":{"self":[{"href":"https:\/\/miurltemporal.com/main/triatletasenred.sport.es\/wp-json\/wp\/v2\/posts\/45368"}],"collection":[{"href":"https:\/\/miurltemporal.com/main/triatletasenred.sport.es\/wp-json\/wp\/v2\/posts"}],"about":[{"href":"https:\/\/miurltemporal.com/main/triatletasenred.sport.es\/wp-json\/wp\/v2\/types\/post"}],"author":[{"embeddable":true,"href":"https:\/\/miurltemporal.com/main/triatletasenred.sport.es\/wp-json\/wp\/v2\/users\/12"}],"replies":[{"embeddable":true,"href":"https:\/\/miurltemporal.com/main/triatletasenred.sport.es\/wp-json\/wp\/v2\/comments?post=45368"}],"version-history":[{"count":0,"href":"https:\/\/miurltemporal.com/main/triatletasenred.sport.es\/wp-json\/wp\/v2\/posts\/45368\/revisions"}],"wp:featuredmedia":[{"embeddable":true,"href":"https:\/\/miurltemporal.com/main/triatletasenred.sport.es\/wp-json\/wp\/v2\/media\/45369"}],"wp:attachment":[{"href":"https:\/\/miurltemporal.com/main/triatletasenred.sport.es\/wp-json\/wp\/v2\/media?parent=45368"}],"wp:term":[{"taxonomy":"category","embeddable":true,"href":"https:\/\/miurltemporal.com/main/triatletasenred.sport.es\/wp-json\/wp\/v2\/categories?post=45368"},{"taxonomy":"post_tag","embeddable":true,"href":"https:\/\/miurltemporal.com/main/triatletasenred.sport.es\/wp-json\/wp\/v2\/tags?post=45368"}],"curies":[{"name":"wp","href":"https:\/\/api.w.org\/{rel}","templated":true}]}}