{"id":45205,"date":"2016-06-11T20:26:18","date_gmt":"2016-06-11T18:26:18","guid":{"rendered":"http:\/\/triatletasenred.com\/?p=45205"},"modified":"2016-06-12T23:34:48","modified_gmt":"2016-06-12T21:34:48","slug":"eneko-llanos-y-ainhoa-murua-triunfan-en-zarautz","status":"publish","type":"post","link":"https:\/\/miurltemporal.com/main/triatletasenred.sport.es\/actualidad\/eneko-llanos-y-ainhoa-murua-triunfan-en-zarautz\/","title":{"rendered":"Eneko Llanos y Ainhoa Mur\u00faa triunfan en Zarautz"},"content":{"rendered":"<p style=\"text-align: justify;\">Los vascos Eneko Llanos y Ainhoa Mur\u00faa se han llevado la treg\u00e9sima edici\u00f3n del Triatl\u00f3n de Zarautz, disputado este s\u00e1bado. El ambiente ha vuelto a ser el de las grandes ocasiones, llenando la ciudad de p\u00fablico y vibrando con lo que es una aut\u00e9ntica fiesta del deporte de las transiciones. Llanos ha conseguido su und\u00e9cima victoria, un hito que le sigue colocando como uno de los mejores en la media y larga distancia de nuestro pa\u00eds. El triatleta vasco lleva ya veinte ediciones disputadas en Zarautz, con m\u00e1s de un cincuenta por ciento de efectividad en &#8216;su prueba&#8217;.<\/p>\n<p style=\"text-align: justify;\">Tras Eneko Llanos, Fernando Alarza y Cesc Godoy han completado el podio. El talaverano, que debutaba en media distancia, ha conseguido una espectacular segunda posici\u00f3n, y Godoy, que volv\u00eda a competir en media distancia tras un largo periodo, ha acabado tercero.<\/p>\n<p style=\"text-align: justify;\">En categor\u00eda femenina, Ainhoa Mur\u00faa ha demostrado que est\u00e1 a un gran nivel a pesar de su veteran\u00eda. La vasca ha acabado por delante de una brillante Judith Corach\u00e1n, segunda, y de Line Thams, que ha acabado tercera.<\/p>\n<p style=\"text-align: justify;\">Los veteranos vascos siguen consolidados en la \u00e9lite. Eneko Llanos ha conquistado su und\u00e9cima Txapela y sigue escribiendo la historia de nuestro deporte, mientras que Ainhoa Mur\u00faa afronta la recta final de preparaci\u00f3n para sus cuartos Juegos Ol\u00edmpicos. Otro nivel.<\/p>\n<p style=\"text-align: justify;\"><span style=\"color: #ffffff;\">bcvbjkvkjv<\/span><\/p>\n<figure id=\"attachment_44621\" aria-describedby=\"caption-attachment-44621\" style=\"width: 705px\" class=\"wp-caption aligncenter\"><a href=\"https:\/\/miurltemporal.com/main/triatletasenred.sport.es\/wp-content\/uploads\/BANNER_750x150px_RECOVERY.gif\"><img fetchpriority=\"high\" decoding=\"async\" class=\" wp-image-44621\" src=\"https:\/\/miurltemporal.com/main/triatletasenred.sport.es\/wp-content\/uploads\/BANNER_750x150px_RECOVERY.gif\" alt=\"2XU RECOVERY\" width=\"705\" height=\"141\" \/><\/a><figcaption id=\"caption-attachment-44621\" class=\"wp-caption-text\">2XU RECOVERY<\/figcaption><\/figure>\n","protected":false},"excerpt":{"rendered":"<p>Los locales triunan en la XXX edici\u00f3n del Triatlon de Zarautz.<\/p>\n","protected":false},"author":12,"featured_media":45207,"comment_status":"closed","ping_status":"closed","sticky":false,"template":"","format":"standard","meta":{"_acf_changed":false,"rank_math_lock_modified_date":false,"footnotes":""},"categories":[17],"tags":[2933,4732,597,813,2147,4733],"class_list":{"0":"post-45205","1":"post","2":"type-post","3":"status-publish","4":"format-standard","5":"has-post-thumbnail","7":"category-actualidad","8":"tag-ainhoa-murua","9":"tag-bh","10":"tag-eneko-llanos","11":"tag-triatloia","12":"tag-zarautz","13":"tag-zarautz-triatlon"},"acf":[],"_links":{"self":[{"href":"https:\/\/miurltemporal.com/main/triatletasenred.sport.es\/wp-json\/wp\/v2\/posts\/45205"}],"collection":[{"href":"https:\/\/miurltemporal.com/main/triatletasenred.sport.es\/wp-json\/wp\/v2\/posts"}],"about":[{"href":"https:\/\/miurltemporal.com/main/triatletasenred.sport.es\/wp-json\/wp\/v2\/types\/post"}],"author":[{"embeddable":true,"href":"https:\/\/miurltemporal.com/main/triatletasenred.sport.es\/wp-json\/wp\/v2\/users\/12"}],"replies":[{"embeddable":true,"href":"https:\/\/miurltemporal.com/main/triatletasenred.sport.es\/wp-json\/wp\/v2\/comments?post=45205"}],"version-history":[{"count":0,"href":"https:\/\/miurltemporal.com/main/triatletasenred.sport.es\/wp-json\/wp\/v2\/posts\/45205\/revisions"}],"wp:featuredmedia":[{"embeddable":true,"href":"https:\/\/miurltemporal.com/main/triatletasenred.sport.es\/wp-json\/wp\/v2\/media\/45207"}],"wp:attachment":[{"href":"https:\/\/miurltemporal.com/main/triatletasenred.sport.es\/wp-json\/wp\/v2\/media?parent=45205"}],"wp:term":[{"taxonomy":"category","embeddable":true,"href":"https:\/\/miurltemporal.com/main/triatletasenred.sport.es\/wp-json\/wp\/v2\/categories?post=45205"},{"taxonomy":"post_tag","embeddable":true,"href":"https:\/\/miurltemporal.com/main/triatletasenred.sport.es\/wp-json\/wp\/v2\/tags?post=45205"}],"curies":[{"name":"wp","href":"https:\/\/api.w.org\/{rel}","templated":true}]}}