{"id":4500,"date":"2012-10-19T06:18:37","date_gmt":"2012-10-19T06:18:37","guid":{"rendered":"http:\/\/triatletasenred.com\/?p=4500"},"modified":"2012-10-19T06:18:37","modified_gmt":"2012-10-19T06:18:37","slug":"ultra-trail-serra-de-montsant","status":"publish","type":"post","link":"https:\/\/miurltemporal.com/main/triatletasenred.sport.es\/competiciones\/ultra-trail-serra-de-montsant\/","title":{"rendered":"ULTRA TRAIL SERRA DE MONTSANT"},"content":{"rendered":"<h4 style=\"text-align: justify;\">De manos de Fernando Lopez nos llega la previa de la Ultra Trail Serra de Montsant, carrera que se disputa el s\u00e1bado en formato semi-autosuficiencia alrededor del m\u00edstico Montsant de 100 kms y 4000+.<\/h4>\n<p style=\"text-align: justify;\">Para esta edici\u00f3n 2012 la organizaci\u00f3n quiere acercar la monta\u00f1a a m\u00e1s amantes del deporte en contacto con la naturaleza, de manera que se han creado modalidades para todos los gustos:<\/p>\n<ul>\n<li>Ultra: 100 Kms y 4000+, Tiempo m\u00e1ximo: 24h.<\/li>\n<li>Half: 44 Kms y 2025+, Tiempo m\u00e1ximo: 12h.<\/li>\n<li>Half por Relevos: <strong>NOVEDAD 2012<\/strong>, Recorriendo los 100Kms en relevos, \u00a0Cornudella de Montsant a Cabac\u00e9s \/ Cabac\u00e9s a Cornudella de Montsant.<\/li>\n<li>Trail: El Trail Serra de Montsant es el hermano peque\u00f1o del evento. Una carrera corta de 26,5 Km. y 1.175 m. de desnivel positivo, con menos misticismo y m\u00e1s monta\u00f1a, pero con el mismo encanto que el UTSM, pasando por el punto m\u00e1s alto de la Serra de Montsant, la Roca Corbatera a 1.163 m.<\/li>\n<\/ul>\n<p style=\"text-align: justify;\"><strong><span style=\"text-decoration: underline;\">ULTIMA HORA<\/span><\/strong><\/p>\n<p style=\"text-align: justify;\">Con motivo de unas condiciones meteorol\u00f3gicas adversas previstas para el evento UTSM\u00a0 la organizaci\u00f3n ha resuelto un plan tanto con recorridos alternativos como material OBLIGATORIO, junto con nuevos horarios de carrera y un servicio de BUS para la gente que se vaya retirando en carrera. Estas medidas se toman con el f\u00edn de no exponer a los corredores a situaciones de riesgo innecesarias.<\/p>\n<p style=\"text-align: justify;\"><a class=\"vc_btn vc_btn-blue vc_btn-sm vc_btn_square \" href=\"http:\/\/fernandolopezalcaraz.blogspot.com.es\/\" rel=\"nofollow noopener\" target=\"_blank\">Blog Oficial<\/a><br \/>\n<a class=\"vc_btn vc_btn-blue vc_btn-sm vc_btn_square \" href=\"http:\/\/www.facebook.com\/fernando.lopezalcaraz.5\" rel=\"nofollow noopener\" target=\"_blank\">facebook<\/a><\/p>\n","protected":false},"excerpt":{"rendered":"<p>De manos de Fernando Lopez nos llega la previa de la Ultra Trail Serra de Montsant, carrera que se disputa el s\u00e1bado en formato semi-autosuficiencia alrededor del m\u00edstico Montsant de 100 kms y 4000+. Para esta edici\u00f3n 2012 la organizaci\u00f3n quiere acercar la monta\u00f1a a m\u00e1s amantes del deporte en contacto con la naturaleza, de [&hellip;]<\/p>\n","protected":false},"author":6,"featured_media":4501,"comment_status":"open","ping_status":"open","sticky":false,"template":"","format":"standard","meta":{"_acf_changed":false,"rank_math_lock_modified_date":false,"footnotes":""},"categories":[19],"tags":[333],"class_list":{"0":"post-4500","1":"post","2":"type-post","3":"status-publish","4":"format-standard","5":"has-post-thumbnail","7":"category-competiciones","8":"tag-ultra-trail-serra-de-montsant"},"acf":[],"_links":{"self":[{"href":"https:\/\/miurltemporal.com/main/triatletasenred.sport.es\/wp-json\/wp\/v2\/posts\/4500"}],"collection":[{"href":"https:\/\/miurltemporal.com/main/triatletasenred.sport.es\/wp-json\/wp\/v2\/posts"}],"about":[{"href":"https:\/\/miurltemporal.com/main/triatletasenred.sport.es\/wp-json\/wp\/v2\/types\/post"}],"author":[{"embeddable":true,"href":"https:\/\/miurltemporal.com/main/triatletasenred.sport.es\/wp-json\/wp\/v2\/users\/6"}],"replies":[{"embeddable":true,"href":"https:\/\/miurltemporal.com/main/triatletasenred.sport.es\/wp-json\/wp\/v2\/comments?post=4500"}],"version-history":[{"count":0,"href":"https:\/\/miurltemporal.com/main/triatletasenred.sport.es\/wp-json\/wp\/v2\/posts\/4500\/revisions"}],"wp:featuredmedia":[{"embeddable":true,"href":"https:\/\/miurltemporal.com/main/triatletasenred.sport.es\/wp-json\/wp\/v2\/media\/4501"}],"wp:attachment":[{"href":"https:\/\/miurltemporal.com/main/triatletasenred.sport.es\/wp-json\/wp\/v2\/media?parent=4500"}],"wp:term":[{"taxonomy":"category","embeddable":true,"href":"https:\/\/miurltemporal.com/main/triatletasenred.sport.es\/wp-json\/wp\/v2\/categories?post=4500"},{"taxonomy":"post_tag","embeddable":true,"href":"https:\/\/miurltemporal.com/main/triatletasenred.sport.es\/wp-json\/wp\/v2\/tags?post=4500"}],"curies":[{"name":"wp","href":"https:\/\/api.w.org\/{rel}","templated":true}]}}