{"id":44914,"date":"2016-05-29T10:01:03","date_gmt":"2016-05-29T08:01:03","guid":{"rendered":"http:\/\/triatletasenred.com\/?p=44914"},"modified":"2016-05-29T10:01:03","modified_gmt":"2016-05-29T08:01:03","slug":"richard-murray-competira-en-el-mundial-de-duatlon-de-aviles","status":"publish","type":"post","link":"https:\/\/miurltemporal.com/main/triatletasenred.sport.es\/actualidad\/richard-murray-competira-en-el-mundial-de-duatlon-de-aviles\/","title":{"rendered":"Richard Murray competir\u00e1 en el Mundial de Duatl\u00f3n de Avil\u00e9s"},"content":{"rendered":"<p style=\"text-align: justify\">El sudafricano Richard Murray volver\u00e1 a la competici\u00f3n la pr\u00f3xima semana para disputar el Campeonato del Mundo de Duatl\u00f3n, que se celebrar\u00e1 en Avil\u00e9s. La localidad espa\u00f1ola ya se prepara para la prueba mundialista, que combina carrera a pie y ciclismo. Murray ser\u00e1 una de las grandes figuras de la competici\u00f3n y vuelve tras romperse la clav\u00edcula en las Series Mundiales de Gold Coast,\u00a0disputadas el pasado 3 de abril. Ya recuperado, el sudafricano a\u00fan no puede nadar pero s\u00ed pedalear y correr.<\/p>\n","protected":false},"excerpt":{"rendered":"<p>El triatleta sudafricano ser\u00e1 una de las grandes estrellas de la prueba. Vuelve tras romperse la clav\u00edcula en abril.<\/p>\n","protected":false},"author":12,"featured_media":38881,"comment_status":"closed","ping_status":"closed","sticky":false,"template":"","format":"standard","meta":{"_acf_changed":false,"rank_math_lock_modified_date":false,"footnotes":""},"categories":[17],"tags":[1970,572,4686,2331,3124],"class_list":{"0":"post-44914","1":"post","2":"type-post","3":"status-publish","4":"format-standard","5":"has-post-thumbnail","7":"category-actualidad","8":"tag-aviles","9":"tag-duatlon","10":"tag-itu-duathlon","11":"tag-murray","12":"tag-richard-murray"},"acf":[],"_links":{"self":[{"href":"https:\/\/miurltemporal.com/main/triatletasenred.sport.es\/wp-json\/wp\/v2\/posts\/44914"}],"collection":[{"href":"https:\/\/miurltemporal.com/main/triatletasenred.sport.es\/wp-json\/wp\/v2\/posts"}],"about":[{"href":"https:\/\/miurltemporal.com/main/triatletasenred.sport.es\/wp-json\/wp\/v2\/types\/post"}],"author":[{"embeddable":true,"href":"https:\/\/miurltemporal.com/main/triatletasenred.sport.es\/wp-json\/wp\/v2\/users\/12"}],"replies":[{"embeddable":true,"href":"https:\/\/miurltemporal.com/main/triatletasenred.sport.es\/wp-json\/wp\/v2\/comments?post=44914"}],"version-history":[{"count":0,"href":"https:\/\/miurltemporal.com/main/triatletasenred.sport.es\/wp-json\/wp\/v2\/posts\/44914\/revisions"}],"wp:featuredmedia":[{"embeddable":true,"href":"https:\/\/miurltemporal.com/main/triatletasenred.sport.es\/wp-json\/wp\/v2\/media\/38881"}],"wp:attachment":[{"href":"https:\/\/miurltemporal.com/main/triatletasenred.sport.es\/wp-json\/wp\/v2\/media?parent=44914"}],"wp:term":[{"taxonomy":"category","embeddable":true,"href":"https:\/\/miurltemporal.com/main/triatletasenred.sport.es\/wp-json\/wp\/v2\/categories?post=44914"},{"taxonomy":"post_tag","embeddable":true,"href":"https:\/\/miurltemporal.com/main/triatletasenred.sport.es\/wp-json\/wp\/v2\/tags?post=44914"}],"curies":[{"name":"wp","href":"https:\/\/api.w.org\/{rel}","templated":true}]}}