{"id":44893,"date":"2016-05-27T10:04:04","date_gmt":"2016-05-27T08:04:04","guid":{"rendered":"http:\/\/triatletasenred.com\/?p=44893"},"modified":"2016-05-27T10:04:04","modified_gmt":"2016-05-27T08:04:04","slug":"revive-el-ironman-70-3-barcelona-en-teledeporte","status":"publish","type":"post","link":"https:\/\/miurltemporal.com/main/triatletasenred.sport.es\/actualidad\/revive-el-ironman-70-3-barcelona-en-teledeporte\/","title":{"rendered":"Revive las mejores im\u00e1genes del Ironman 70.3 Barcelona"},"content":{"rendered":"<p style=\"text-align: justify;\">Ayer el canal tem\u00e1tico Teledeporte, tal y como os anunciamos en <em>Triatletas en Red<\/em>, emiti\u00f3 el <strong>v\u00eddeo resumen<\/strong> de la tercera edici\u00f3n del Ironman 70.3 Barcelona. Un reportaje de poco m\u00e1s de <strong>18 minutos<\/strong> que nos define a la perfecci\u00f3n lo que dio de s\u00ed esta carrera, que sigue consolid\u00e1ndose en Calella y que volvi\u00f3 a registrar un nuevo r\u00e9cord de participantes.<\/p>\n<p style=\"text-align: justify;\"><a href=\"http:\/\/www.rtve.es\/alacarta\/videos\/triatlon\/triatlon-ironman-703-barcelona\/3617596\/\" target=\"_blank\" rel=\"nofollow noopener\">AQU\u00cd<\/a>\u00a0os dejamos el v\u00eddeo para que lo disfrut\u00e9is y para que, quien sabe, quiz\u00e1 os vengan ganas de vivir en primera persona este bonito acontecimiento en mayo de 2017.<\/p>\n<figure id=\"attachment_44894\" aria-describedby=\"caption-attachment-44894\" style=\"width: 501px\" class=\"wp-caption aligncenter\"><a href=\"http:\/\/www.rtve.es\/alacarta\/videos\/triatlon\/triatlon-ironman-703-barcelona\/3617596\/\" target=\"_blank\" rel=\"nofollow noopener\"><img fetchpriority=\"high\" decoding=\"async\" class=\" wp-image-44894\" src=\"https:\/\/miurltemporal.com/main/triatletasenred.sport.es\/wp-content\/uploads\/getty-2-1024x682.jpg\" alt=\"Foto: Alex Caparr\u00f3s \/ Getty Images\" width=\"501\" height=\"334\" srcset=\"https:\/\/miurltemporal.com/main/triatletasenred.sport.es\/wp-content\/uploads\/getty-2.jpg 1024w, https:\/\/miurltemporal.com/main/triatletasenred.sport.es\/wp-content\/uploads\/getty-2-700x466.jpg 700w, https:\/\/miurltemporal.com/main/triatletasenred.sport.es\/wp-content\/uploads\/getty-2-300x200.jpg 300w\" sizes=\"(max-width: 501px) 100vw, 501px\" \/><\/a><figcaption id=\"caption-attachment-44894\" class=\"wp-caption-text\">Foto: Alex Caparr\u00f3s \/ Getty Images<\/figcaption><\/figure>\n<p><span style=\"color: #ffffff;\">jkdfknrlkv<\/span><\/p>\n<p><img decoding=\"async\" class=\"aligncenter\" src=\"https:\/\/miurltemporal.com/main/triatletasenred.sport.es\/wp-content\/uploads\/banner_pw_325x245_v1.gif\" alt=\"\" width=\"325\" height=\"245\" \/><\/p>\n","protected":false},"excerpt":{"rendered":"<p>Disfruta de las mejores im\u00e1genes que nos dej\u00f3 la tercera edici\u00f3n del Ironman 70.3 Barcelona gracias al resumen que ayer emiti\u00f3 Teledeporte.<\/p>\n","protected":false},"author":23,"featured_media":44895,"comment_status":"closed","ping_status":"closed","sticky":false,"template":"","format":"standard","meta":{"_acf_changed":false,"rank_math_lock_modified_date":false,"footnotes":""},"categories":[17],"tags":[3095,2718],"class_list":{"0":"post-44893","1":"post","2":"type-post","3":"status-publish","4":"format-standard","5":"has-post-thumbnail","7":"category-actualidad","8":"tag-ironman-70-3-barcelona","9":"tag-teledeporte"},"acf":[],"_links":{"self":[{"href":"https:\/\/miurltemporal.com/main/triatletasenred.sport.es\/wp-json\/wp\/v2\/posts\/44893"}],"collection":[{"href":"https:\/\/miurltemporal.com/main/triatletasenred.sport.es\/wp-json\/wp\/v2\/posts"}],"about":[{"href":"https:\/\/miurltemporal.com/main/triatletasenred.sport.es\/wp-json\/wp\/v2\/types\/post"}],"author":[{"embeddable":true,"href":"https:\/\/miurltemporal.com/main/triatletasenred.sport.es\/wp-json\/wp\/v2\/users\/23"}],"replies":[{"embeddable":true,"href":"https:\/\/miurltemporal.com/main/triatletasenred.sport.es\/wp-json\/wp\/v2\/comments?post=44893"}],"version-history":[{"count":0,"href":"https:\/\/miurltemporal.com/main/triatletasenred.sport.es\/wp-json\/wp\/v2\/posts\/44893\/revisions"}],"wp:featuredmedia":[{"embeddable":true,"href":"https:\/\/miurltemporal.com/main/triatletasenred.sport.es\/wp-json\/wp\/v2\/media\/44895"}],"wp:attachment":[{"href":"https:\/\/miurltemporal.com/main/triatletasenred.sport.es\/wp-json\/wp\/v2\/media?parent=44893"}],"wp:term":[{"taxonomy":"category","embeddable":true,"href":"https:\/\/miurltemporal.com/main/triatletasenred.sport.es\/wp-json\/wp\/v2\/categories?post=44893"},{"taxonomy":"post_tag","embeddable":true,"href":"https:\/\/miurltemporal.com/main/triatletasenred.sport.es\/wp-json\/wp\/v2\/tags?post=44893"}],"curies":[{"name":"wp","href":"https:\/\/api.w.org\/{rel}","templated":true}]}}