{"id":44881,"date":"2016-05-27T01:18:19","date_gmt":"2016-05-26T23:18:19","guid":{"rendered":"http:\/\/triatletasenred.com\/?p=44881"},"modified":"2016-05-27T01:18:19","modified_gmt":"2016-05-26T23:18:19","slug":"javi-gomez-noya-a-por-su-cuarto-titulo-europeo","status":"publish","type":"post","link":"https:\/\/miurltemporal.com/main/triatletasenred.sport.es\/actualidad\/javi-gomez-noya-a-por-su-cuarto-titulo-europeo\/","title":{"rendered":"Javi G\u00f3mez Noya, a por su cuarto t\u00edtulo europeo"},"content":{"rendered":"<p style=\"text-align: justify\">El triatleta gallego Javi G\u00f3mez Noya buscar\u00e1 este s\u00e1bado en Lisboa su cuarto t\u00edtulo europeo en distancia ol\u00edmpica. Tras debutar con un cuarto puesto en el Grand Prix de Dunkerke, G\u00f3mez Noya afronta ahora su primer test serio de la temporada. Ser\u00e1 una prueba para empezar a testear sensaciones de cara a los Juegos Ol\u00edmpicos de R\u00edo, donde el actual campe\u00f3n del mundo quiere conseguir el oro. No lo tendr\u00e1 f\u00e1cil con una nutrida representaci\u00f3n de triatletas internacionales de primer nivel, teniendo en cuenta que el gallego apenas ha podido rodarse en competici\u00f3n.<\/p>\n<p style=\"text-align: justify\">La prueba arrancar\u00e1 el s\u00e1bado a las 11 horas en categor\u00eda masculina y se disputa sobre distancia ol\u00edmpica. David Hauss, Sven Riederer, Kristian Blummenfelt o Joao Pereira son algunos de los triatletas con opciones a los puestos de cabeza de una prueba que se presenta abierta a pesar de la presencia de G\u00f3mez Noya. El gallego es favorito pero acaba de arrancar temporada.<\/p>\n<p style=\"text-align: justify\">El resto de la representaci\u00f3n espa\u00f1ola estar\u00e1 integrada por Vicente Hern\u00e1ndez, Cesc Godoy, David Castro y Antonio Serrat en categor\u00eda masculina, mientras que en categor\u00eda femenina competir\u00e1n Sara P\u00e9rez y Anna Godoy. La prueba para las chicas arrancar\u00e1 el s\u00e1bado a las 15:50 horas.<\/p>\n","protected":false},"excerpt":{"rendered":"<p>El gallego disputa su segunda prueba de la temporada.<\/p>\n","protected":false},"author":12,"featured_media":38461,"comment_status":"closed","ping_status":"closed","sticky":false,"template":"","format":"standard","meta":{"_acf_changed":false,"rank_math_lock_modified_date":false,"footnotes":""},"categories":[17],"tags":[2217,2230,4399,930,4631],"class_list":{"0":"post-44881","1":"post","2":"type-post","3":"status-publish","4":"format-standard","5":"has-post-thumbnail","7":"category-actualidad","8":"tag-etu","9":"tag-europeo","10":"tag-gomez-noya","11":"tag-itu","12":"tag-javi"},"acf":[],"_links":{"self":[{"href":"https:\/\/miurltemporal.com/main/triatletasenred.sport.es\/wp-json\/wp\/v2\/posts\/44881"}],"collection":[{"href":"https:\/\/miurltemporal.com/main/triatletasenred.sport.es\/wp-json\/wp\/v2\/posts"}],"about":[{"href":"https:\/\/miurltemporal.com/main/triatletasenred.sport.es\/wp-json\/wp\/v2\/types\/post"}],"author":[{"embeddable":true,"href":"https:\/\/miurltemporal.com/main/triatletasenred.sport.es\/wp-json\/wp\/v2\/users\/12"}],"replies":[{"embeddable":true,"href":"https:\/\/miurltemporal.com/main/triatletasenred.sport.es\/wp-json\/wp\/v2\/comments?post=44881"}],"version-history":[{"count":0,"href":"https:\/\/miurltemporal.com/main/triatletasenred.sport.es\/wp-json\/wp\/v2\/posts\/44881\/revisions"}],"wp:featuredmedia":[{"embeddable":true,"href":"https:\/\/miurltemporal.com/main/triatletasenred.sport.es\/wp-json\/wp\/v2\/media\/38461"}],"wp:attachment":[{"href":"https:\/\/miurltemporal.com/main/triatletasenred.sport.es\/wp-json\/wp\/v2\/media?parent=44881"}],"wp:term":[{"taxonomy":"category","embeddable":true,"href":"https:\/\/miurltemporal.com/main/triatletasenred.sport.es\/wp-json\/wp\/v2\/categories?post=44881"},{"taxonomy":"post_tag","embeddable":true,"href":"https:\/\/miurltemporal.com/main/triatletasenred.sport.es\/wp-json\/wp\/v2\/tags?post=44881"}],"curies":[{"name":"wp","href":"https:\/\/api.w.org\/{rel}","templated":true}]}}