{"id":44878,"date":"2016-05-26T22:33:58","date_gmt":"2016-05-26T20:33:58","guid":{"rendered":"http:\/\/triatletasenred.com\/?p=44878"},"modified":"2016-05-26T22:36:52","modified_gmt":"2016-05-26T20:36:52","slug":"3x04","status":"publish","type":"post","link":"https:\/\/miurltemporal.com/main/triatletasenred.sport.es\/actualidad\/3x04\/","title":{"rendered":"Transiciones tu podcast de triatl\u00f3n con Miquel Blanchart, Ram\u00f3n Arroyo y Port Aventura World Challenge Salou"},"content":{"rendered":"<p>Nueva entrega de transiciones, tu podcast de triatl\u00f3n. \u00a0Gomar Marchena (<a href=\"https:\/\/twitter.com\/trimaniaco\" rel=\"nofollow noopener\" target=\"_blank\">@trimaniaco<\/a>), entrevista esta semana a Miquel Blanchart tras su s\u00e9ptimo puesto en el IRONMAN Lanzarote de esta pasado fin de semana con su mejor versi\u00f3n en bicicleta.<\/p>\n<p>Hablamos tambi\u00e9n con Ram\u00f3n Arroyo, esta semana se celebr\u00f3 el d\u00eda de la Esclerosis M\u00faltiple y nadie mejor que \u00e9l para reivindicar el papel del triatl\u00f3n en la ayuda a la difusi\u00f3n de la enfermedad. Ram\u00f3n completo en 2013 el desaparecido Challenge Barcelona y, aunque no est\u00e1 en su mejor momento de salud, no descansa por volver a la actividad deportiva.<\/p>\n<p>Para cerrar el programa hablamos con Juanan Fern\u00e1ndez, responsable de Challenge Spain. La Challenge family celebra este domingo la segunda edici\u00f3n del Port Aventura Challenge Salou y Juanan nos narra todos sus detalles.<\/p>\n<p>Todo esto en 30 minutos de TRIATL\u00d3N!<\/p>\n<p>\u00a1DALE AL PLAY\u00a1<br \/>\n<iframe id=\"audio_11678009\" style=\"border: 1px solid #EEE; box-sizing: border-box; width: 100%;\" src=\"https:\/\/www.ivoox.com\/player_ej_11678009_4_1.html?c1=ff6600\" width=\"300\" height=\"200\" frameborder=\"0\" scrolling=\"no\" allowfullscreen=\"allowfullscreen\"><\/iframe><br \/>\n<a class=\"vc_btn vc_btn-default vc_btn-sm vc_btn_square \" href=\"http:\/\/www.ivoox.com\/podcast-transiciones-tu-podcast-semanal-triatlon_sq_f1168721_1.html\" rel=\"nofollow noopener\" target=\"_blank\">Transiciones EN IVOOX<\/a><\/p>\n<a class=\"vc_btn vc_btn-default vc_btn-sm vc_btn_square \" href=\"https:\/\/itunes.apple.com\/es\/podcast\/transiciones-tu-podcast-semanal\/id1001105957?mt=2&#038;ign-mpt=uo%3D4\" rel=\"nofollow noopener\" target=\"_blank\">Transiciones EN ITUNES<\/a>\n","protected":false},"excerpt":{"rendered":"<p>Nueva entrega de transiciones, tu podcast de triatl\u00f3n. \u00a0Gomar Marchena (@trimaniaco), entrevista esta semana a Miquel Blanchart tras su s\u00e9ptimo puesto en el IRONMAN Lanzarote de esta pasado fin de semana con su mejor versi\u00f3n en bicicleta. Hablamos tambi\u00e9n con Ram\u00f3n Arroyo, esta semana se celebr\u00f3 el d\u00eda de la Esclerosis M\u00faltiple y nadie mejor [&hellip;]<\/p>\n","protected":false},"author":2,"featured_media":34624,"comment_status":"closed","ping_status":"closed","sticky":false,"template":"","format":"standard","meta":{"_acf_changed":false,"rank_math_lock_modified_date":false,"footnotes":""},"categories":[17],"tags":[3091,544,191,4628,1271],"class_list":{"0":"post-44878","1":"post","2":"type-post","3":"status-publish","4":"format-standard","5":"has-post-thumbnail","7":"category-actualidad","8":"tag-challenge-salou","9":"tag-juanan-fernandez","10":"tag-miquel-blanchart","11":"tag-podcast-triatlon","12":"tag-ramon-arroyo"},"acf":[],"_links":{"self":[{"href":"https:\/\/miurltemporal.com/main/triatletasenred.sport.es\/wp-json\/wp\/v2\/posts\/44878"}],"collection":[{"href":"https:\/\/miurltemporal.com/main/triatletasenred.sport.es\/wp-json\/wp\/v2\/posts"}],"about":[{"href":"https:\/\/miurltemporal.com/main/triatletasenred.sport.es\/wp-json\/wp\/v2\/types\/post"}],"author":[{"embeddable":true,"href":"https:\/\/miurltemporal.com/main/triatletasenred.sport.es\/wp-json\/wp\/v2\/users\/2"}],"replies":[{"embeddable":true,"href":"https:\/\/miurltemporal.com/main/triatletasenred.sport.es\/wp-json\/wp\/v2\/comments?post=44878"}],"version-history":[{"count":0,"href":"https:\/\/miurltemporal.com/main/triatletasenred.sport.es\/wp-json\/wp\/v2\/posts\/44878\/revisions"}],"wp:featuredmedia":[{"embeddable":true,"href":"https:\/\/miurltemporal.com/main/triatletasenred.sport.es\/wp-json\/wp\/v2\/media\/34624"}],"wp:attachment":[{"href":"https:\/\/miurltemporal.com/main/triatletasenred.sport.es\/wp-json\/wp\/v2\/media?parent=44878"}],"wp:term":[{"taxonomy":"category","embeddable":true,"href":"https:\/\/miurltemporal.com/main/triatletasenred.sport.es\/wp-json\/wp\/v2\/categories?post=44878"},{"taxonomy":"post_tag","embeddable":true,"href":"https:\/\/miurltemporal.com/main/triatletasenred.sport.es\/wp-json\/wp\/v2\/tags?post=44878"}],"curies":[{"name":"wp","href":"https:\/\/api.w.org\/{rel}","templated":true}]}}